{"id":9583,"date":"2024-03-18T12:21:20","date_gmt":"2024-03-18T11:21:20","guid":{"rendered":"https:\/\/artesania.conselldeivissa.es\/lliura-cinc-cartes-de-mestre-artesa-honorific\/"},"modified":"2024-05-20T12:23:48","modified_gmt":"2024-05-20T10:23:48","slug":"entrega-cinco-cartas-de-maestro-artesano-honorifico","status":"publish","type":"post","link":"https:\/\/artesania.conselldeivissa.es\/es\/entrega-cinco-cartas-de-maestro-artesano-honorifico\/","title":{"rendered":"Entrega cinco cartas de maestro artesano honor\u00edfico"},"content":{"rendered":"<p>[vc_row][vc_column][vc_custom_heading text=\u00bbEl Consejo Insular de Ibiza entrega cinco cartas de maestro artesano honor\u00edfico\u00bb][\/vc_column][\/vc_row][vc_row][vc_column][vc_column_text]<\/p>\n<p class=\"Standard\" style=\"text-align: justify; text-justify: inter-ideograph;\"><span lang=\"CA\" style=\"font-size: 11.0pt; font-family: 'Arial',sans-serif;\">El presidente del Consell Insular d\u2019Eivissa, Vicent Mar\u00ed y la consellera de Promoci\u00f3n Econ\u00f3mica, Cooperaci\u00f3n Municipal y Recursos Humanos, Maria Fajarn\u00e9s, junto a la directora insular de Promoci\u00f3n Econ\u00f3mica y Recursos Humanos, Pepa Costa, han entregado hoy cinco nuevas cartas de maestro artesano honor\u00edfico.<\/span><\/p>\n<p class=\"Standard\" style=\"text-align: justify; text-justify: inter-ideograph;\"><span lang=\"CA\" style=\"font-size: 11.0pt; font-family: 'Arial',sans-serif;\">\u00a0<\/span><\/p>\n<p class=\"Standard\" style=\"text-align: justify; text-justify: inter-ideograph;\"><span lang=\"CA\" style=\"font-size: 11.0pt; font-family: 'Arial',sans-serif;\">Esta carta de maestro artesano ha sido otorgada a Vicent Mar\u00ed Serra como maestro de piedra en seco, a Nuria Costa Reverter como tejedora de \u00abtela de drap\u00bb y tejidos de tela de \u00abgonella de burell\u00bb, a Antoni Ribas Costa como ceramista, a Antoni Mar\u00ed Ribas \u2018Frigoles\u2019 como ceramista y a Catalina Torres Orvay, a t\u00edtulo p\u00f3stumo, como modista-patronista.<\/span><\/p>\n<p class=\"Standard\" style=\"text-align: justify; text-justify: inter-ideograph;\"><span lang=\"CA\" style=\"font-size: 11.0pt; font-family: 'Arial',sans-serif;\">\u00a0<\/span><\/p>\n<p class=\"Standard\" style=\"text-align: justify; text-justify: inter-ideograph;\"><span lang=\"CA\" style=\"font-size: 11.0pt; font-family: 'Arial',sans-serif;\">El presidente del Consell d\u2019Eivissa ha agradecido a los artesanos \u201cser un ejemplo de trabajo, esfuerzo, vanguardia, respeto por las tradiciones y profesionalidad\u201d, y ha querido felicitar a todos \u201cla gran labor realizada con sus manos, como artesanos, durante a\u00f1os en la isla\u201d.<\/span><\/p>\n<p class=\"Standard\" style=\"text-align: justify; text-justify: inter-ideograph;\"><span lang=\"CA\" style=\"font-size: 11.0pt; font-family: 'Arial',sans-serif;\">\u00a0<\/span><\/p>\n<p class=\"Standard\" style=\"text-align: justify; text-justify: inter-ideograph;\"><span lang=\"CA\" style=\"font-size: 11.0pt; font-family: 'Arial',sans-serif;\">Por su parte, Fajarn\u00e9s ha dado la enhorabuena a todos ellos \u201cpor llevar adelante un oficio que nos ayuda a mantener vivas las tradiciones y poner en valor un tipo de producci\u00f3n sostenible y respetuosa\u201d. As\u00ed mismo, Fajarn\u00e9s ha destacado que la prioridad del departamento es apoyar a un sector \u201cque est\u00e1 en constante crecimiento a trav\u00e9s de tres ejes: protecci\u00f3n, difusi\u00f3n y promoci\u00f3n de nuestra artesan\u00eda\u201d.<\/span><\/p>\n<p class=\"Standard\" style=\"text-align: justify; text-justify: inter-ideograph;\"><span lang=\"CA\" style=\"font-size: 11.0pt; font-family: 'Arial',sans-serif;\">\u00a0<\/span><\/p>\n<p class=\"Standard\" style=\"text-align: justify; text-justify: inter-ideograph;\"><span lang=\"CA\" style=\"font-size: 11.0pt; font-family: 'Arial',sans-serif;\">La carta de maestro artesano honor\u00edfico es el diploma acreditativo mediante el cual se reconocen las especiales calidades y los m\u00e9ritos de una persona, a ra\u00edz de la valoraci\u00f3n de que su trayectoria profesional o tarea continuada a favor de la artesan\u00eda se ha traducido en la potenciaci\u00f3n, el desarrollo y el mejor conocimiento de un oficio, de un sector artesanal o de la artesan\u00eda en general.<\/span><\/p>\n<p>[\/vc_column_text][\/vc_column][\/vc_row]<\/p>\n","protected":false},"excerpt":{"rendered":"<p>[vc_row][vc_column][vc_custom_heading text=\u00bbEl Consejo Insular de Ibiza entrega cinco cartas de maestro artesano honor\u00edfico\u00bb][\/vc_column][\/vc_row][vc_row][vc_column][vc_column_text] El presidente del Consell Insular d\u2019Eivissa, Vicent Mar\u00ed y la consellera de Promoci\u00f3n Econ\u00f3mica, Cooperaci\u00f3n Municipal y [&hellip;]<\/p>\n","protected":false},"author":2,"featured_media":9581,"comment_status":"open","ping_status":"open","sticky":false,"template":"","format":"standard","meta":{"footnotes":""},"categories":[1],"tags":[],"class_list":["post-9583","post","type-post","status-publish","format-standard","has-post-thumbnail","hentry","category-sin-categorizar"],"acf":[],"yoast_head":"<!-- This site is optimized with the Yoast SEO plugin v19.6 - https:\/\/yoast.com\/wordpress\/plugins\/seo\/ -->\n<title>Entrega cinco cartas de maestro artesano honor\u00edfico - Artesania d&#039;Eivissa<\/title>\n<meta name=\"robots\" content=\"index, follow, max-snippet:-1, max-image-preview:large, max-video-preview:-1\" \/>\n<link rel=\"canonical\" href=\"https:\/\/artesania.conselldeivissa.es\/lliura-cinc-cartes-de-mestre-artesa-honorific\/\" \/>\n<meta property=\"og:locale\" content=\"es_ES\" \/>\n<meta property=\"og:type\" content=\"article\" \/>\n<meta property=\"og:title\" content=\"Entrega cinco cartas de maestro artesano honor\u00edfico - Artesania d&#039;Eivissa\" \/>\n<meta property=\"og:description\" content=\"[vc_row][vc_column][vc_custom_heading text=\u00bbEl Consejo Insular de Ibiza entrega cinco cartas de maestro artesano honor\u00edfico\u00bb][\/vc_column][\/vc_row][vc_row][vc_column][vc_column_text] El presidente del Consell Insular d\u2019Eivissa, Vicent Mar\u00ed y la consellera de Promoci\u00f3n Econ\u00f3mica, Cooperaci\u00f3n Municipal y [&hellip;]\" \/>\n<meta property=\"og:url\" content=\"https:\/\/artesania.conselldeivissa.es\/lliura-cinc-cartes-de-mestre-artesa-honorific\/\" \/>\n<meta property=\"og:site_name\" content=\"Artesania d&#039;Eivissa\" \/>\n<meta property=\"article:published_time\" content=\"2024-03-18T11:21:20+00:00\" \/>\n<meta property=\"article:modified_time\" content=\"2024-05-20T10:23:48+00:00\" \/>\n<meta property=\"og:image\" content=\"https:\/\/artesania.conselldeivissa.es\/wp-content\/uploads\/2024\/05\/cartes_artesans_honorifics.jpg\" \/>\n\t<meta property=\"og:image:width\" content=\"1000\" \/>\n\t<meta property=\"og:image:height\" content=\"667\" \/>\n\t<meta property=\"og:image:type\" content=\"image\/jpeg\" \/>\n<meta name=\"author\" content=\"consell\" \/>\n<meta name=\"twitter:card\" content=\"summary_large_image\" \/>\n<meta name=\"twitter:label1\" content=\"Escrito por\" \/>\n\t<meta name=\"twitter:data1\" content=\"consell\" \/>\n\t<meta name=\"twitter:label2\" content=\"Tiempo de lectura\" \/>\n\t<meta name=\"twitter:data2\" content=\"2 minutos\" \/>\n<script type=\"application\/ld+json\" class=\"yoast-schema-graph\">{\"@context\":\"https:\/\/schema.org\",\"@graph\":[{\"@type\":\"Article\",\"@id\":\"https:\/\/artesania.conselldeivissa.es\/lliura-cinc-cartes-de-mestre-artesa-honorific\/#article\",\"isPartOf\":{\"@id\":\"https:\/\/artesania.conselldeivissa.es\/lliura-cinc-cartes-de-mestre-artesa-honorific\/\"},\"author\":{\"name\":\"consell\",\"@id\":\"https:\/\/artesania.conselldeivissa.es\/#\/schema\/person\/89ab04836e582ecc6834e32e3739f63a\"},\"headline\":\"Entrega cinco cartas de maestro artesano honor\u00edfico\",\"datePublished\":\"2024-03-18T11:21:20+00:00\",\"dateModified\":\"2024-05-20T10:23:48+00:00\",\"mainEntityOfPage\":{\"@id\":\"https:\/\/artesania.conselldeivissa.es\/lliura-cinc-cartes-de-mestre-artesa-honorific\/\"},\"wordCount\":354,\"commentCount\":0,\"publisher\":{\"@id\":\"https:\/\/artesania.conselldeivissa.es\/#organization\"},\"articleSection\":[\"Sin categorizar\"],\"inLanguage\":\"es\",\"potentialAction\":[{\"@type\":\"CommentAction\",\"name\":\"Comment\",\"target\":[\"https:\/\/artesania.conselldeivissa.es\/lliura-cinc-cartes-de-mestre-artesa-honorific\/#respond\"]}]},{\"@type\":\"WebPage\",\"@id\":\"https:\/\/artesania.conselldeivissa.es\/lliura-cinc-cartes-de-mestre-artesa-honorific\/\",\"url\":\"https:\/\/artesania.conselldeivissa.es\/lliura-cinc-cartes-de-mestre-artesa-honorific\/\",\"name\":\"Entrega cinco cartas de maestro artesano honor\u00edfico - Artesania d&#039;Eivissa\",\"isPartOf\":{\"@id\":\"https:\/\/artesania.conselldeivissa.es\/#website\"},\"datePublished\":\"2024-03-18T11:21:20+00:00\",\"dateModified\":\"2024-05-20T10:23:48+00:00\",\"breadcrumb\":{\"@id\":\"https:\/\/artesania.conselldeivissa.es\/lliura-cinc-cartes-de-mestre-artesa-honorific\/#breadcrumb\"},\"inLanguage\":\"es\",\"potentialAction\":[{\"@type\":\"ReadAction\",\"target\":[\"https:\/\/artesania.conselldeivissa.es\/lliura-cinc-cartes-de-mestre-artesa-honorific\/\"]}]},{\"@type\":\"BreadcrumbList\",\"@id\":\"https:\/\/artesania.conselldeivissa.es\/lliura-cinc-cartes-de-mestre-artesa-honorific\/#breadcrumb\",\"itemListElement\":[{\"@type\":\"ListItem\",\"position\":1,\"name\":\"Portada\",\"item\":\"https:\/\/artesania.conselldeivissa.es\/es\/\"},{\"@type\":\"ListItem\",\"position\":2,\"name\":\"Entrega cinco cartas de maestro artesano honor\u00edfico\"}]},{\"@type\":\"WebSite\",\"@id\":\"https:\/\/artesania.conselldeivissa.es\/#website\",\"url\":\"https:\/\/artesania.conselldeivissa.es\/\",\"name\":\"Artesania d&#039;Eivissa\",\"description\":\"Artesanes i artesans d&#039;Eivisssa\",\"publisher\":{\"@id\":\"https:\/\/artesania.conselldeivissa.es\/#organization\"},\"potentialAction\":[{\"@type\":\"SearchAction\",\"target\":{\"@type\":\"EntryPoint\",\"urlTemplate\":\"https:\/\/artesania.conselldeivissa.es\/?s={search_term_string}\"},\"query-input\":\"required name=search_term_string\"}],\"inLanguage\":\"es\"},{\"@type\":\"Organization\",\"@id\":\"https:\/\/artesania.conselldeivissa.es\/#organization\",\"name\":\"Artesania d&#039;Eivissa\",\"url\":\"https:\/\/artesania.conselldeivissa.es\/\",\"sameAs\":[],\"logo\":{\"@type\":\"ImageObject\",\"inLanguage\":\"es\",\"@id\":\"https:\/\/artesania.conselldeivissa.es\/#\/schema\/logo\/image\/\",\"url\":\"https:\/\/artesania.conselldeivissa.es\/wp-content\/uploads\/2022\/08\/artesansnegro.png\",\"contentUrl\":\"https:\/\/artesania.conselldeivissa.es\/wp-content\/uploads\/2022\/08\/artesansnegro.png\",\"width\":400,\"height\":97,\"caption\":\"Artesania d&#039;Eivissa\"},\"image\":{\"@id\":\"https:\/\/artesania.conselldeivissa.es\/#\/schema\/logo\/image\/\"}},{\"@type\":\"Person\",\"@id\":\"https:\/\/artesania.conselldeivissa.es\/#\/schema\/person\/89ab04836e582ecc6834e32e3739f63a\",\"name\":\"consell\",\"image\":{\"@type\":\"ImageObject\",\"inLanguage\":\"es\",\"@id\":\"https:\/\/artesania.conselldeivissa.es\/#\/schema\/person\/image\/\",\"url\":\"https:\/\/secure.gravatar.com\/avatar\/4aaf408758aa1bbfe2573fe48956426c67e77152a620c25a96edb56cccb3f067?s=96&d=mm&r=g\",\"contentUrl\":\"https:\/\/secure.gravatar.com\/avatar\/4aaf408758aa1bbfe2573fe48956426c67e77152a620c25a96edb56cccb3f067?s=96&d=mm&r=g\",\"caption\":\"consell\"}}]}<\/script>\n<!-- \/ Yoast SEO plugin. -->","yoast_head_json":{"title":"Entrega cinco cartas de maestro artesano honor\u00edfico - Artesania d&#039;Eivissa","robots":{"index":"index","follow":"follow","max-snippet":"max-snippet:-1","max-image-preview":"max-image-preview:large","max-video-preview":"max-video-preview:-1"},"canonical":"https:\/\/artesania.conselldeivissa.es\/lliura-cinc-cartes-de-mestre-artesa-honorific\/","og_locale":"es_ES","og_type":"article","og_title":"Entrega cinco cartas de maestro artesano honor\u00edfico - Artesania d&#039;Eivissa","og_description":"[vc_row][vc_column][vc_custom_heading text=\u00bbEl Consejo Insular de Ibiza entrega cinco cartas de maestro artesano honor\u00edfico\u00bb][\/vc_column][\/vc_row][vc_row][vc_column][vc_column_text] El presidente del Consell Insular d\u2019Eivissa, Vicent Mar\u00ed y la consellera de Promoci\u00f3n Econ\u00f3mica, Cooperaci\u00f3n Municipal y [&hellip;]","og_url":"https:\/\/artesania.conselldeivissa.es\/lliura-cinc-cartes-de-mestre-artesa-honorific\/","og_site_name":"Artesania d&#039;Eivissa","article_published_time":"2024-03-18T11:21:20+00:00","article_modified_time":"2024-05-20T10:23:48+00:00","og_image":[{"width":1000,"height":667,"url":"https:\/\/artesania.conselldeivissa.es\/wp-content\/uploads\/2024\/05\/cartes_artesans_honorifics.jpg","type":"image\/jpeg"}],"author":"consell","twitter_card":"summary_large_image","twitter_misc":{"Escrito por":"consell","Tiempo de lectura":"2 minutos"},"schema":{"@context":"https:\/\/schema.org","@graph":[{"@type":"Article","@id":"https:\/\/artesania.conselldeivissa.es\/lliura-cinc-cartes-de-mestre-artesa-honorific\/#article","isPartOf":{"@id":"https:\/\/artesania.conselldeivissa.es\/lliura-cinc-cartes-de-mestre-artesa-honorific\/"},"author":{"name":"consell","@id":"https:\/\/artesania.conselldeivissa.es\/#\/schema\/person\/89ab04836e582ecc6834e32e3739f63a"},"headline":"Entrega cinco cartas de maestro artesano honor\u00edfico","datePublished":"2024-03-18T11:21:20+00:00","dateModified":"2024-05-20T10:23:48+00:00","mainEntityOfPage":{"@id":"https:\/\/artesania.conselldeivissa.es\/lliura-cinc-cartes-de-mestre-artesa-honorific\/"},"wordCount":354,"commentCount":0,"publisher":{"@id":"https:\/\/artesania.conselldeivissa.es\/#organization"},"articleSection":["Sin categorizar"],"inLanguage":"es","potentialAction":[{"@type":"CommentAction","name":"Comment","target":["https:\/\/artesania.conselldeivissa.es\/lliura-cinc-cartes-de-mestre-artesa-honorific\/#respond"]}]},{"@type":"WebPage","@id":"https:\/\/artesania.conselldeivissa.es\/lliura-cinc-cartes-de-mestre-artesa-honorific\/","url":"https:\/\/artesania.conselldeivissa.es\/lliura-cinc-cartes-de-mestre-artesa-honorific\/","name":"Entrega cinco cartas de maestro artesano honor\u00edfico - Artesania d&#039;Eivissa","isPartOf":{"@id":"https:\/\/artesania.conselldeivissa.es\/#website"},"datePublished":"2024-03-18T11:21:20+00:00","dateModified":"2024-05-20T10:23:48+00:00","breadcrumb":{"@id":"https:\/\/artesania.conselldeivissa.es\/lliura-cinc-cartes-de-mestre-artesa-honorific\/#breadcrumb"},"inLanguage":"es","potentialAction":[{"@type":"ReadAction","target":["https:\/\/artesania.conselldeivissa.es\/lliura-cinc-cartes-de-mestre-artesa-honorific\/"]}]},{"@type":"BreadcrumbList","@id":"https:\/\/artesania.conselldeivissa.es\/lliura-cinc-cartes-de-mestre-artesa-honorific\/#breadcrumb","itemListElement":[{"@type":"ListItem","position":1,"name":"Portada","item":"https:\/\/artesania.conselldeivissa.es\/es\/"},{"@type":"ListItem","position":2,"name":"Entrega cinco cartas de maestro artesano honor\u00edfico"}]},{"@type":"WebSite","@id":"https:\/\/artesania.conselldeivissa.es\/#website","url":"https:\/\/artesania.conselldeivissa.es\/","name":"Artesania d&#039;Eivissa","description":"Artesanes i artesans d&#039;Eivisssa","publisher":{"@id":"https:\/\/artesania.conselldeivissa.es\/#organization"},"potentialAction":[{"@type":"SearchAction","target":{"@type":"EntryPoint","urlTemplate":"https:\/\/artesania.conselldeivissa.es\/?s={search_term_string}"},"query-input":"required name=search_term_string"}],"inLanguage":"es"},{"@type":"Organization","@id":"https:\/\/artesania.conselldeivissa.es\/#organization","name":"Artesania d&#039;Eivissa","url":"https:\/\/artesania.conselldeivissa.es\/","sameAs":[],"logo":{"@type":"ImageObject","inLanguage":"es","@id":"https:\/\/artesania.conselldeivissa.es\/#\/schema\/logo\/image\/","url":"https:\/\/artesania.conselldeivissa.es\/wp-content\/uploads\/2022\/08\/artesansnegro.png","contentUrl":"https:\/\/artesania.conselldeivissa.es\/wp-content\/uploads\/2022\/08\/artesansnegro.png","width":400,"height":97,"caption":"Artesania d&#039;Eivissa"},"image":{"@id":"https:\/\/artesania.conselldeivissa.es\/#\/schema\/logo\/image\/"}},{"@type":"Person","@id":"https:\/\/artesania.conselldeivissa.es\/#\/schema\/person\/89ab04836e582ecc6834e32e3739f63a","name":"consell","image":{"@type":"ImageObject","inLanguage":"es","@id":"https:\/\/artesania.conselldeivissa.es\/#\/schema\/person\/image\/","url":"https:\/\/secure.gravatar.com\/avatar\/4aaf408758aa1bbfe2573fe48956426c67e77152a620c25a96edb56cccb3f067?s=96&d=mm&r=g","contentUrl":"https:\/\/secure.gravatar.com\/avatar\/4aaf408758aa1bbfe2573fe48956426c67e77152a620c25a96edb56cccb3f067?s=96&d=mm&r=g","caption":"consell"}}]}},"_links":{"self":[{"href":"https:\/\/artesania.conselldeivissa.es\/es\/wp-json\/wp\/v2\/posts\/9583","targetHints":{"allow":["GET"]}}],"collection":[{"href":"https:\/\/artesania.conselldeivissa.es\/es\/wp-json\/wp\/v2\/posts"}],"about":[{"href":"https:\/\/artesania.conselldeivissa.es\/es\/wp-json\/wp\/v2\/types\/post"}],"author":[{"embeddable":true,"href":"https:\/\/artesania.conselldeivissa.es\/es\/wp-json\/wp\/v2\/users\/2"}],"replies":[{"embeddable":true,"href":"https:\/\/artesania.conselldeivissa.es\/es\/wp-json\/wp\/v2\/comments?post=9583"}],"version-history":[{"count":1,"href":"https:\/\/artesania.conselldeivissa.es\/es\/wp-json\/wp\/v2\/posts\/9583\/revisions"}],"predecessor-version":[{"id":9584,"href":"https:\/\/artesania.conselldeivissa.es\/es\/wp-json\/wp\/v2\/posts\/9583\/revisions\/9584"}],"wp:featuredmedia":[{"embeddable":true,"href":"https:\/\/artesania.conselldeivissa.es\/es\/wp-json\/wp\/v2\/media\/9581"}],"wp:attachment":[{"href":"https:\/\/artesania.conselldeivissa.es\/es\/wp-json\/wp\/v2\/media?parent=9583"}],"wp:term":[{"taxonomy":"category","embeddable":true,"href":"https:\/\/artesania.conselldeivissa.es\/es\/wp-json\/wp\/v2\/categories?post=9583"},{"taxonomy":"post_tag","embeddable":true,"href":"https:\/\/artesania.conselldeivissa.es\/es\/wp-json\/wp\/v2\/tags?post=9583"}],"curies":[{"name":"wp","href":"https:\/\/api.w.org\/{rel}","templated":true}]}}