{"id":8508,"date":"2022-09-09T13:58:12","date_gmt":"2022-09-09T11:58:12","guid":{"rendered":"https:\/\/artesania.conselldeivissa.es\/78-alumnes-dels-cursos-de-patronatge-i-confeccio-del-consell-deivissa-reben-els-seus-diplomes-acreditatius\/"},"modified":"2022-09-27T14:27:49","modified_gmt":"2022-09-27T12:27:49","slug":"78-alumnos-de-los-cursos-de-patronaje-y-confeccion-del-consejo-de-ibiza-reciben-sus-diplomas-acreditativos","status":"publish","type":"post","link":"https:\/\/artesania.conselldeivissa.es\/es\/78-alumnos-de-los-cursos-de-patronaje-y-confeccion-del-consejo-de-ibiza-reciben-sus-diplomas-acreditativos\/","title":{"rendered":"78 alumnos de los cursos de patronaje y confecci\u00f3n del consejo de ibiza reciben sus diplomas acreditativos"},"content":{"rendered":"<p>Entrega de los diplomas acreditativos a un total de 78 alumnos que en diciembre de 2021 y junio de 2022 han finalizado satisfactoriamente el programa formativo en materia de patronaje y confecci\u00f3n.<\/p>\n<p>El presidente del Consell Insular d\u00b4Eivissa, Vicent Mar\u00ed, y la consejera de Promoci\u00f3n Econ\u00f3mica y Empresarial, y Cooperaci\u00f3n Municipal, Maria Fajarn\u00e9s, han entregado hoy los diplomas acreditativos a un total de 78 alumnos que en diciembre de 2021 y junio de 2022 han finalizado satisfactoriamente el programa formativo en materia de patronaje y confecci\u00f3n correspondiente al nivel inicial, avanzado I, avanzado II o avanzado III.<\/p>\n<p>Con estos diplomas se distingue a aquellos alumnos que hayan tenido una asistencia superior al 80% de las horas lectivas totales del curso con un diploma de aprovechamiento, y por aquellas personas alumnas con una asistencia entre un 50% y 80% de las horas lectivas totales del curso, se reconoce con un diploma de participaci\u00f3n.<\/p>\n<p>Estas formaciones se enmarcan dentro de las acciones de promoci\u00f3n de la artesan\u00eda desarrolladas por el Departamento de Promoci\u00f3n Econ\u00f3mica y Empresarial, y Cooperaci\u00f3n Municipal y tienen como principal objetivo fortalecer la industria de la moda de Ibiza y ofrecer una formaci\u00f3n continuada que garantice una mayor profesionalizaci\u00f3n del sector en los oficios de modisto y costureros.<\/p>\n<p>Los cursos se han llevado a cabo en el aula taller de la Escola d\u00b4Arts d\u00b4Eivissa y han sido impartidos por artesanos y formadores calificados en moda y patronaje.<\/p>\n<p>La consejera Maria Fajarn\u00e9s ha destacado la buena acogida que han tenido estos cursos y ha avanzado que ya se est\u00e1 trabajando en la pr\u00f3xima edici\u00f3n \u201cporque son una oportunidad de formaci\u00f3n que cada vez gusta m\u00e1s y tiene el apoyo de reconocidos profesionales de la moda de nuestra isla\u201d. Por su parte, el presidente Mar\u00ed ha alentado a los alumnos a seguir trabajando en su formaci\u00f3n \u00abcon oportunidades como \u00e9sta que demuestran que cualquier momento es adecuado para formarse y aprender nuevas profesiones\u00bb.<\/p>\n","protected":false},"excerpt":{"rendered":"<p>Entrega de los diplomas acreditativos a un total de 78 alumnos que en diciembre de 2021 y junio de 2022 han finalizado satisfactoriamente el programa formativo en materia de patronaje [&hellip;]<\/p>\n","protected":false},"author":1,"featured_media":8526,"comment_status":"open","ping_status":"open","sticky":false,"template":"","format":"standard","meta":{"footnotes":""},"categories":[1],"tags":[],"class_list":["post-8508","post","type-post","status-publish","format-standard","has-post-thumbnail","hentry","category-sin-categorizar"],"acf":[],"yoast_head":"<!-- This site is optimized with the Yoast SEO plugin v19.6 - https:\/\/yoast.com\/wordpress\/plugins\/seo\/ -->\n<title>78 alumnos de los cursos de patronaje y confecci\u00f3n del consejo de ibiza reciben sus diplomas acreditativos - Artesania d&#039;Eivissa<\/title>\n<meta name=\"robots\" content=\"index, follow, max-snippet:-1, max-image-preview:large, max-video-preview:-1\" \/>\n<link rel=\"canonical\" href=\"https:\/\/artesania.conselldeivissa.es\/es\/78-alumnos-de-los-cursos-de-patronaje-y-confeccion-del-consejo-de-ibiza-reciben-sus-diplomas-acreditativos\/\" \/>\n<meta property=\"og:locale\" content=\"es_ES\" \/>\n<meta property=\"og:type\" content=\"article\" \/>\n<meta property=\"og:title\" content=\"78 alumnos de los cursos de patronaje y confecci\u00f3n del consejo de ibiza reciben sus diplomas acreditativos - Artesania d&#039;Eivissa\" \/>\n<meta property=\"og:description\" content=\"Entrega de los diplomas acreditativos a un total de 78 alumnos que en diciembre de 2021 y junio de 2022 han finalizado satisfactoriamente el programa formativo en materia de patronaje [&hellip;]\" \/>\n<meta property=\"og:url\" content=\"https:\/\/artesania.conselldeivissa.es\/es\/78-alumnos-de-los-cursos-de-patronaje-y-confeccion-del-consejo-de-ibiza-reciben-sus-diplomas-acreditativos\/\" \/>\n<meta property=\"og:site_name\" content=\"Artesania d&#039;Eivissa\" \/>\n<meta property=\"article:published_time\" content=\"2022-09-09T11:58:12+00:00\" \/>\n<meta property=\"article:modified_time\" content=\"2022-09-27T12:27:49+00:00\" \/>\n<meta property=\"og:image\" content=\"https:\/\/artesania.conselldeivissa.es\/wp-content\/uploads\/2022\/09\/ok_0000_DIPLOMES-PATRONATGE.jpg\" \/>\n\t<meta property=\"og:image:width\" content=\"1300\" \/>\n\t<meta property=\"og:image:height\" content=\"915\" \/>\n\t<meta property=\"og:image:type\" content=\"image\/jpeg\" \/>\n<meta name=\"author\" content=\"welove\" \/>\n<meta name=\"twitter:card\" content=\"summary_large_image\" \/>\n<meta name=\"twitter:label1\" content=\"Escrito por\" \/>\n\t<meta name=\"twitter:data1\" content=\"welove\" \/>\n\t<meta name=\"twitter:label2\" content=\"Tiempo de lectura\" \/>\n\t<meta name=\"twitter:data2\" content=\"2 minutos\" \/>\n<script type=\"application\/ld+json\" class=\"yoast-schema-graph\">{\"@context\":\"https:\/\/schema.org\",\"@graph\":[{\"@type\":\"Article\",\"@id\":\"https:\/\/artesania.conselldeivissa.es\/es\/78-alumnos-de-los-cursos-de-patronaje-y-confeccion-del-consejo-de-ibiza-reciben-sus-diplomas-acreditativos\/#article\",\"isPartOf\":{\"@id\":\"https:\/\/artesania.conselldeivissa.es\/es\/78-alumnos-de-los-cursos-de-patronaje-y-confeccion-del-consejo-de-ibiza-reciben-sus-diplomas-acreditativos\/\"},\"author\":{\"name\":\"welove\",\"@id\":\"https:\/\/artesania.conselldeivissa.es\/#\/schema\/person\/3fbb76bed5b88379490d1c85e1d3fb2e\"},\"headline\":\"78 alumnos de los cursos de patronaje y confecci\u00f3n del consejo de ibiza reciben sus diplomas acreditativos\",\"datePublished\":\"2022-09-09T11:58:12+00:00\",\"dateModified\":\"2022-09-27T12:27:49+00:00\",\"mainEntityOfPage\":{\"@id\":\"https:\/\/artesania.conselldeivissa.es\/es\/78-alumnos-de-los-cursos-de-patronaje-y-confeccion-del-consejo-de-ibiza-reciben-sus-diplomas-acreditativos\/\"},\"wordCount\":353,\"commentCount\":0,\"publisher\":{\"@id\":\"https:\/\/artesania.conselldeivissa.es\/#organization\"},\"articleSection\":[\"Sin categorizar\"],\"inLanguage\":\"es\",\"potentialAction\":[{\"@type\":\"CommentAction\",\"name\":\"Comment\",\"target\":[\"https:\/\/artesania.conselldeivissa.es\/es\/78-alumnos-de-los-cursos-de-patronaje-y-confeccion-del-consejo-de-ibiza-reciben-sus-diplomas-acreditativos\/#respond\"]}]},{\"@type\":\"WebPage\",\"@id\":\"https:\/\/artesania.conselldeivissa.es\/es\/78-alumnos-de-los-cursos-de-patronaje-y-confeccion-del-consejo-de-ibiza-reciben-sus-diplomas-acreditativos\/\",\"url\":\"https:\/\/artesania.conselldeivissa.es\/es\/78-alumnos-de-los-cursos-de-patronaje-y-confeccion-del-consejo-de-ibiza-reciben-sus-diplomas-acreditativos\/\",\"name\":\"78 alumnos de los cursos de patronaje y confecci\u00f3n del consejo de ibiza reciben sus diplomas acreditativos - Artesania d&#039;Eivissa\",\"isPartOf\":{\"@id\":\"https:\/\/artesania.conselldeivissa.es\/#website\"},\"datePublished\":\"2022-09-09T11:58:12+00:00\",\"dateModified\":\"2022-09-27T12:27:49+00:00\",\"breadcrumb\":{\"@id\":\"https:\/\/artesania.conselldeivissa.es\/es\/78-alumnos-de-los-cursos-de-patronaje-y-confeccion-del-consejo-de-ibiza-reciben-sus-diplomas-acreditativos\/#breadcrumb\"},\"inLanguage\":\"es\",\"potentialAction\":[{\"@type\":\"ReadAction\",\"target\":[\"https:\/\/artesania.conselldeivissa.es\/es\/78-alumnos-de-los-cursos-de-patronaje-y-confeccion-del-consejo-de-ibiza-reciben-sus-diplomas-acreditativos\/\"]}]},{\"@type\":\"BreadcrumbList\",\"@id\":\"https:\/\/artesania.conselldeivissa.es\/es\/78-alumnos-de-los-cursos-de-patronaje-y-confeccion-del-consejo-de-ibiza-reciben-sus-diplomas-acreditativos\/#breadcrumb\",\"itemListElement\":[{\"@type\":\"ListItem\",\"position\":1,\"name\":\"Portada\",\"item\":\"https:\/\/artesania.conselldeivissa.es\/es\/\"},{\"@type\":\"ListItem\",\"position\":2,\"name\":\"78 alumnos de los cursos de patronaje y confecci\u00f3n del consejo de ibiza reciben sus diplomas acreditativos\"}]},{\"@type\":\"WebSite\",\"@id\":\"https:\/\/artesania.conselldeivissa.es\/#website\",\"url\":\"https:\/\/artesania.conselldeivissa.es\/\",\"name\":\"Artesania d&#039;Eivissa\",\"description\":\"Artesanes i artesans d&#039;Eivisssa\",\"publisher\":{\"@id\":\"https:\/\/artesania.conselldeivissa.es\/#organization\"},\"potentialAction\":[{\"@type\":\"SearchAction\",\"target\":{\"@type\":\"EntryPoint\",\"urlTemplate\":\"https:\/\/artesania.conselldeivissa.es\/?s={search_term_string}\"},\"query-input\":\"required name=search_term_string\"}],\"inLanguage\":\"es\"},{\"@type\":\"Organization\",\"@id\":\"https:\/\/artesania.conselldeivissa.es\/#organization\",\"name\":\"Artesania d&#039;Eivissa\",\"url\":\"https:\/\/artesania.conselldeivissa.es\/\",\"sameAs\":[],\"logo\":{\"@type\":\"ImageObject\",\"inLanguage\":\"es\",\"@id\":\"https:\/\/artesania.conselldeivissa.es\/#\/schema\/logo\/image\/\",\"url\":\"https:\/\/artesania.conselldeivissa.es\/wp-content\/uploads\/2022\/08\/artesansnegro.png\",\"contentUrl\":\"https:\/\/artesania.conselldeivissa.es\/wp-content\/uploads\/2022\/08\/artesansnegro.png\",\"width\":400,\"height\":97,\"caption\":\"Artesania d&#039;Eivissa\"},\"image\":{\"@id\":\"https:\/\/artesania.conselldeivissa.es\/#\/schema\/logo\/image\/\"}},{\"@type\":\"Person\",\"@id\":\"https:\/\/artesania.conselldeivissa.es\/#\/schema\/person\/3fbb76bed5b88379490d1c85e1d3fb2e\",\"name\":\"welove\",\"image\":{\"@type\":\"ImageObject\",\"inLanguage\":\"es\",\"@id\":\"https:\/\/artesania.conselldeivissa.es\/#\/schema\/person\/image\/\",\"url\":\"https:\/\/secure.gravatar.com\/avatar\/8a215e88517ac3e3930b7c0a0b890f9fba324c4f6e29ec73d671d62468d6ac18?s=96&d=mm&r=g\",\"contentUrl\":\"https:\/\/secure.gravatar.com\/avatar\/8a215e88517ac3e3930b7c0a0b890f9fba324c4f6e29ec73d671d62468d6ac18?s=96&d=mm&r=g\",\"caption\":\"welove\"},\"sameAs\":[\"https:\/\/artesania.conselldeivissa.es\"]}]}<\/script>\n<!-- \/ Yoast SEO plugin. -->","yoast_head_json":{"title":"78 alumnos de los cursos de patronaje y confecci\u00f3n del consejo de ibiza reciben sus diplomas acreditativos - Artesania d&#039;Eivissa","robots":{"index":"index","follow":"follow","max-snippet":"max-snippet:-1","max-image-preview":"max-image-preview:large","max-video-preview":"max-video-preview:-1"},"canonical":"https:\/\/artesania.conselldeivissa.es\/es\/78-alumnos-de-los-cursos-de-patronaje-y-confeccion-del-consejo-de-ibiza-reciben-sus-diplomas-acreditativos\/","og_locale":"es_ES","og_type":"article","og_title":"78 alumnos de los cursos de patronaje y confecci\u00f3n del consejo de ibiza reciben sus diplomas acreditativos - Artesania d&#039;Eivissa","og_description":"Entrega de los diplomas acreditativos a un total de 78 alumnos que en diciembre de 2021 y junio de 2022 han finalizado satisfactoriamente el programa formativo en materia de patronaje [&hellip;]","og_url":"https:\/\/artesania.conselldeivissa.es\/es\/78-alumnos-de-los-cursos-de-patronaje-y-confeccion-del-consejo-de-ibiza-reciben-sus-diplomas-acreditativos\/","og_site_name":"Artesania d&#039;Eivissa","article_published_time":"2022-09-09T11:58:12+00:00","article_modified_time":"2022-09-27T12:27:49+00:00","og_image":[{"width":1300,"height":915,"url":"https:\/\/artesania.conselldeivissa.es\/wp-content\/uploads\/2022\/09\/ok_0000_DIPLOMES-PATRONATGE.jpg","type":"image\/jpeg"}],"author":"welove","twitter_card":"summary_large_image","twitter_misc":{"Escrito por":"welove","Tiempo de lectura":"2 minutos"},"schema":{"@context":"https:\/\/schema.org","@graph":[{"@type":"Article","@id":"https:\/\/artesania.conselldeivissa.es\/es\/78-alumnos-de-los-cursos-de-patronaje-y-confeccion-del-consejo-de-ibiza-reciben-sus-diplomas-acreditativos\/#article","isPartOf":{"@id":"https:\/\/artesania.conselldeivissa.es\/es\/78-alumnos-de-los-cursos-de-patronaje-y-confeccion-del-consejo-de-ibiza-reciben-sus-diplomas-acreditativos\/"},"author":{"name":"welove","@id":"https:\/\/artesania.conselldeivissa.es\/#\/schema\/person\/3fbb76bed5b88379490d1c85e1d3fb2e"},"headline":"78 alumnos de los cursos de patronaje y confecci\u00f3n del consejo de ibiza reciben sus diplomas acreditativos","datePublished":"2022-09-09T11:58:12+00:00","dateModified":"2022-09-27T12:27:49+00:00","mainEntityOfPage":{"@id":"https:\/\/artesania.conselldeivissa.es\/es\/78-alumnos-de-los-cursos-de-patronaje-y-confeccion-del-consejo-de-ibiza-reciben-sus-diplomas-acreditativos\/"},"wordCount":353,"commentCount":0,"publisher":{"@id":"https:\/\/artesania.conselldeivissa.es\/#organization"},"articleSection":["Sin categorizar"],"inLanguage":"es","potentialAction":[{"@type":"CommentAction","name":"Comment","target":["https:\/\/artesania.conselldeivissa.es\/es\/78-alumnos-de-los-cursos-de-patronaje-y-confeccion-del-consejo-de-ibiza-reciben-sus-diplomas-acreditativos\/#respond"]}]},{"@type":"WebPage","@id":"https:\/\/artesania.conselldeivissa.es\/es\/78-alumnos-de-los-cursos-de-patronaje-y-confeccion-del-consejo-de-ibiza-reciben-sus-diplomas-acreditativos\/","url":"https:\/\/artesania.conselldeivissa.es\/es\/78-alumnos-de-los-cursos-de-patronaje-y-confeccion-del-consejo-de-ibiza-reciben-sus-diplomas-acreditativos\/","name":"78 alumnos de los cursos de patronaje y confecci\u00f3n del consejo de ibiza reciben sus diplomas acreditativos - Artesania d&#039;Eivissa","isPartOf":{"@id":"https:\/\/artesania.conselldeivissa.es\/#website"},"datePublished":"2022-09-09T11:58:12+00:00","dateModified":"2022-09-27T12:27:49+00:00","breadcrumb":{"@id":"https:\/\/artesania.conselldeivissa.es\/es\/78-alumnos-de-los-cursos-de-patronaje-y-confeccion-del-consejo-de-ibiza-reciben-sus-diplomas-acreditativos\/#breadcrumb"},"inLanguage":"es","potentialAction":[{"@type":"ReadAction","target":["https:\/\/artesania.conselldeivissa.es\/es\/78-alumnos-de-los-cursos-de-patronaje-y-confeccion-del-consejo-de-ibiza-reciben-sus-diplomas-acreditativos\/"]}]},{"@type":"BreadcrumbList","@id":"https:\/\/artesania.conselldeivissa.es\/es\/78-alumnos-de-los-cursos-de-patronaje-y-confeccion-del-consejo-de-ibiza-reciben-sus-diplomas-acreditativos\/#breadcrumb","itemListElement":[{"@type":"ListItem","position":1,"name":"Portada","item":"https:\/\/artesania.conselldeivissa.es\/es\/"},{"@type":"ListItem","position":2,"name":"78 alumnos de los cursos de patronaje y confecci\u00f3n del consejo de ibiza reciben sus diplomas acreditativos"}]},{"@type":"WebSite","@id":"https:\/\/artesania.conselldeivissa.es\/#website","url":"https:\/\/artesania.conselldeivissa.es\/","name":"Artesania d&#039;Eivissa","description":"Artesanes i artesans d&#039;Eivisssa","publisher":{"@id":"https:\/\/artesania.conselldeivissa.es\/#organization"},"potentialAction":[{"@type":"SearchAction","target":{"@type":"EntryPoint","urlTemplate":"https:\/\/artesania.conselldeivissa.es\/?s={search_term_string}"},"query-input":"required name=search_term_string"}],"inLanguage":"es"},{"@type":"Organization","@id":"https:\/\/artesania.conselldeivissa.es\/#organization","name":"Artesania d&#039;Eivissa","url":"https:\/\/artesania.conselldeivissa.es\/","sameAs":[],"logo":{"@type":"ImageObject","inLanguage":"es","@id":"https:\/\/artesania.conselldeivissa.es\/#\/schema\/logo\/image\/","url":"https:\/\/artesania.conselldeivissa.es\/wp-content\/uploads\/2022\/08\/artesansnegro.png","contentUrl":"https:\/\/artesania.conselldeivissa.es\/wp-content\/uploads\/2022\/08\/artesansnegro.png","width":400,"height":97,"caption":"Artesania d&#039;Eivissa"},"image":{"@id":"https:\/\/artesania.conselldeivissa.es\/#\/schema\/logo\/image\/"}},{"@type":"Person","@id":"https:\/\/artesania.conselldeivissa.es\/#\/schema\/person\/3fbb76bed5b88379490d1c85e1d3fb2e","name":"welove","image":{"@type":"ImageObject","inLanguage":"es","@id":"https:\/\/artesania.conselldeivissa.es\/#\/schema\/person\/image\/","url":"https:\/\/secure.gravatar.com\/avatar\/8a215e88517ac3e3930b7c0a0b890f9fba324c4f6e29ec73d671d62468d6ac18?s=96&d=mm&r=g","contentUrl":"https:\/\/secure.gravatar.com\/avatar\/8a215e88517ac3e3930b7c0a0b890f9fba324c4f6e29ec73d671d62468d6ac18?s=96&d=mm&r=g","caption":"welove"},"sameAs":["https:\/\/artesania.conselldeivissa.es"]}]}},"_links":{"self":[{"href":"https:\/\/artesania.conselldeivissa.es\/es\/wp-json\/wp\/v2\/posts\/8508","targetHints":{"allow":["GET"]}}],"collection":[{"href":"https:\/\/artesania.conselldeivissa.es\/es\/wp-json\/wp\/v2\/posts"}],"about":[{"href":"https:\/\/artesania.conselldeivissa.es\/es\/wp-json\/wp\/v2\/types\/post"}],"author":[{"embeddable":true,"href":"https:\/\/artesania.conselldeivissa.es\/es\/wp-json\/wp\/v2\/users\/1"}],"replies":[{"embeddable":true,"href":"https:\/\/artesania.conselldeivissa.es\/es\/wp-json\/wp\/v2\/comments?post=8508"}],"version-history":[{"count":2,"href":"https:\/\/artesania.conselldeivissa.es\/es\/wp-json\/wp\/v2\/posts\/8508\/revisions"}],"predecessor-version":[{"id":8509,"href":"https:\/\/artesania.conselldeivissa.es\/es\/wp-json\/wp\/v2\/posts\/8508\/revisions\/8509"}],"wp:featuredmedia":[{"embeddable":true,"href":"https:\/\/artesania.conselldeivissa.es\/es\/wp-json\/wp\/v2\/media\/8526"}],"wp:attachment":[{"href":"https:\/\/artesania.conselldeivissa.es\/es\/wp-json\/wp\/v2\/media?parent=8508"}],"wp:term":[{"taxonomy":"category","embeddable":true,"href":"https:\/\/artesania.conselldeivissa.es\/es\/wp-json\/wp\/v2\/categories?post=8508"},{"taxonomy":"post_tag","embeddable":true,"href":"https:\/\/artesania.conselldeivissa.es\/es\/wp-json\/wp\/v2\/tags?post=8508"}],"curies":[{"name":"wp","href":"https:\/\/api.w.org\/{rel}","templated":true}]}}