{"id":12252,"date":"2025-12-10T13:17:48","date_gmt":"2025-12-10T12:17:48","guid":{"rendered":"https:\/\/artesania.conselldeivissa.es\/dotze-artesans-deivissa-participen-en-la-xxx-fira-de-artesans-de-mila-fins-al-14-de-desembre\/"},"modified":"2025-12-12T12:41:46","modified_gmt":"2025-12-12T11:41:46","slug":"dotze-artesans-deivissa-participen-en-la-xxx-fira-de-artesans-de-mila-fins-al-14-de-desembre","status":"publish","type":"post","link":"https:\/\/artesania.conselldeivissa.es\/es\/dotze-artesans-deivissa-participen-en-la-xxx-fira-de-artesans-de-mila-fins-al-14-de-desembre\/","title":{"rendered":"Doce artesanos de Ibiza participan en la XXX Feria de Artesanos de Mil\u00e0 hasta el 14 de diciembre"},"content":{"rendered":"<p>[vc_row][vc_column][vc_column_text]<strong>La Feria \u2018Artigiano in Fiera\u2019 celebra su XXX edici\u00f3n en Mil\u00e1n, del 6 de al 14 de diciembre <\/strong><\/p>\n<p><strong>Estas 12 firmas est\u00e1n amparadas dentro de la marca del Consejo de Ibiza \u2018Artesan\u00eda de Ibiza\u2019<\/strong><\/p>\n<p>Desde este s\u00e1bado 6 de diciembre y hasta el pr\u00f3ximo domingo 14 de diciembre, doce artesanos amparados en la marca del Consejo de Ibiza \u2018Artesan\u00eda de Ibiza\u2019, participan en la Exposici\u00f3n Internacional de Artesanos \u2018Artigiano in Fiera\u2019 en Mil\u00e1n, un encuentro al cual asisten artesanos de todo el mundo que promocionan y venden sus productos al gran p\u00fablico. Este a\u00f1o, esta feria celebra sus treinta a\u00f1os de actividad.<\/p>\n<p>Los artesanos participantes son De \u00c1ngel Ibiza, DNA Ibiza, Destiler\u00edas Ibiza, Ibiza Delicatessen, Eva Riu Art, Gallizia Jewlery, Nao Arte, Taller Medusa, Sebasti\u00e1n Franco (Cienfuegos), Fina Bou, Arte Oya y Mogardo. Nueve de estos artesanos ya participaron a la feria del a\u00f1o pasado.<\/p>\n<p>Desde 1996 esta feria, ubicada en la ciudad de Rho, en el norte de Mil\u00e1n, promociona a los artesanos que sean creadores de productos \u00fanicos y de calidad, con procedimientos respetuosos con la natura y las personas. Los principales sectores participantes a la feria son: joyer\u00eda, moda, complementos, decoraci\u00f3n y accesorios, art\u00edculos de regalo, turismo y cultura, adem\u00e1s de productos agroalimentarios.<\/p>\n<p>C\u00f3mo ha explicado la consejera de promoci\u00f3n Econ\u00f3mica, Cooperaci\u00f3n Municipal y Recursos Humanos, Maria Fajarn\u00e9s, asistente a la feria, \u201cse trata de una oportunidad \u00fanica para que los profesionales dedicados a la artesan\u00eda en todo el mundo conozcan la calidad y excelencia del trabajo que hacen los artesanos de nuestra isla, en un momento tan importante de ventas como es este, las fiestas de Navidad, donde siempre es una buena idea regalar artesan\u00eda\u201d.[\/vc_column_text][\/vc_column][\/vc_row][vc_row][vc_column width=\u00bb1\/2&#8243;][vc_gallery interval=\u00bb3&#8243; images=\u00bb12257,12261,12263,12265,12267,12269,12271,12273,12259&#8243; img_size=\u00bbfull\u00bb][\/vc_column][vc_column width=\u00bb1\/2&#8243;][\/vc_column][\/vc_row]<\/p>\n","protected":false},"excerpt":{"rendered":"<p>[vc_row][vc_column][vc_column_text]La Feria \u2018Artigiano in Fiera\u2019 celebra su XXX edici\u00f3n en Mil\u00e1n, del 6 de al 14 de diciembre Estas 12 firmas est\u00e1n amparadas dentro de la marca del Consejo de [&hellip;]<\/p>\n","protected":false},"author":2,"featured_media":12231,"comment_status":"open","ping_status":"open","sticky":false,"template":"","format":"standard","meta":{"footnotes":""},"categories":[1],"tags":[],"class_list":["post-12252","post","type-post","status-publish","format-standard","has-post-thumbnail","hentry","category-sin-categorizar"],"acf":[],"yoast_head":"<!-- This site is optimized with the Yoast SEO plugin v19.6 - https:\/\/yoast.com\/wordpress\/plugins\/seo\/ -->\n<title>Doce artesanos de Ibiza participan en la XXX Feria de Artesanos de Mil\u00e0 hasta el 14 de diciembre - Artesania d&#039;Eivissa<\/title>\n<meta name=\"robots\" content=\"index, follow, max-snippet:-1, max-image-preview:large, max-video-preview:-1\" \/>\n<link rel=\"canonical\" href=\"https:\/\/artesania.conselldeivissa.es\/es\/dotze-artesans-deivissa-participen-en-la-xxx-fira-de-artesans-de-mila-fins-al-14-de-desembre\/\" \/>\n<meta property=\"og:locale\" content=\"es_ES\" \/>\n<meta property=\"og:type\" content=\"article\" \/>\n<meta property=\"og:title\" content=\"Doce artesanos de Ibiza participan en la XXX Feria de Artesanos de Mil\u00e0 hasta el 14 de diciembre - Artesania d&#039;Eivissa\" \/>\n<meta property=\"og:description\" content=\"[vc_row][vc_column][vc_column_text]La Feria \u2018Artigiano in Fiera\u2019 celebra su XXX edici\u00f3n en Mil\u00e1n, del 6 de al 14 de diciembre Estas 12 firmas est\u00e1n amparadas dentro de la marca del Consejo de [&hellip;]\" \/>\n<meta property=\"og:url\" content=\"https:\/\/artesania.conselldeivissa.es\/es\/dotze-artesans-deivissa-participen-en-la-xxx-fira-de-artesans-de-mila-fins-al-14-de-desembre\/\" \/>\n<meta property=\"og:site_name\" content=\"Artesania d&#039;Eivissa\" \/>\n<meta property=\"article:published_time\" content=\"2025-12-10T12:17:48+00:00\" \/>\n<meta property=\"article:modified_time\" content=\"2025-12-12T11:41:46+00:00\" \/>\n<meta property=\"og:image\" content=\"https:\/\/artesania.conselldeivissa.es\/wp-content\/uploads\/2025\/12\/1000389855.jpg\" \/>\n\t<meta property=\"og:image:width\" content=\"1600\" \/>\n\t<meta property=\"og:image:height\" content=\"1200\" \/>\n\t<meta property=\"og:image:type\" content=\"image\/jpeg\" \/>\n<meta name=\"author\" content=\"consell\" \/>\n<meta name=\"twitter:card\" content=\"summary_large_image\" \/>\n<meta name=\"twitter:label1\" content=\"Escrito por\" \/>\n\t<meta name=\"twitter:data1\" content=\"consell\" \/>\n\t<meta name=\"twitter:label2\" content=\"Tiempo de lectura\" \/>\n\t<meta name=\"twitter:data2\" content=\"2 minutos\" \/>\n<script type=\"application\/ld+json\" class=\"yoast-schema-graph\">{\"@context\":\"https:\/\/schema.org\",\"@graph\":[{\"@type\":\"Article\",\"@id\":\"https:\/\/artesania.conselldeivissa.es\/es\/dotze-artesans-deivissa-participen-en-la-xxx-fira-de-artesans-de-mila-fins-al-14-de-desembre\/#article\",\"isPartOf\":{\"@id\":\"https:\/\/artesania.conselldeivissa.es\/es\/dotze-artesans-deivissa-participen-en-la-xxx-fira-de-artesans-de-mila-fins-al-14-de-desembre\/\"},\"author\":{\"name\":\"consell\",\"@id\":\"https:\/\/artesania.conselldeivissa.es\/#\/schema\/person\/89ab04836e582ecc6834e32e3739f63a\"},\"headline\":\"Doce artesanos de Ibiza participan en la XXX Feria de Artesanos de Mil\u00e0 hasta el 14 de diciembre\",\"datePublished\":\"2025-12-10T12:17:48+00:00\",\"dateModified\":\"2025-12-12T11:41:46+00:00\",\"mainEntityOfPage\":{\"@id\":\"https:\/\/artesania.conselldeivissa.es\/es\/dotze-artesans-deivissa-participen-en-la-xxx-fira-de-artesans-de-mila-fins-al-14-de-desembre\/\"},\"wordCount\":352,\"commentCount\":0,\"publisher\":{\"@id\":\"https:\/\/artesania.conselldeivissa.es\/#organization\"},\"articleSection\":[\"Sin categorizar\"],\"inLanguage\":\"es\",\"potentialAction\":[{\"@type\":\"CommentAction\",\"name\":\"Comment\",\"target\":[\"https:\/\/artesania.conselldeivissa.es\/es\/dotze-artesans-deivissa-participen-en-la-xxx-fira-de-artesans-de-mila-fins-al-14-de-desembre\/#respond\"]}]},{\"@type\":\"WebPage\",\"@id\":\"https:\/\/artesania.conselldeivissa.es\/es\/dotze-artesans-deivissa-participen-en-la-xxx-fira-de-artesans-de-mila-fins-al-14-de-desembre\/\",\"url\":\"https:\/\/artesania.conselldeivissa.es\/es\/dotze-artesans-deivissa-participen-en-la-xxx-fira-de-artesans-de-mila-fins-al-14-de-desembre\/\",\"name\":\"Doce artesanos de Ibiza participan en la XXX Feria de Artesanos de Mil\u00e0 hasta el 14 de diciembre - Artesania d&#039;Eivissa\",\"isPartOf\":{\"@id\":\"https:\/\/artesania.conselldeivissa.es\/#website\"},\"datePublished\":\"2025-12-10T12:17:48+00:00\",\"dateModified\":\"2025-12-12T11:41:46+00:00\",\"breadcrumb\":{\"@id\":\"https:\/\/artesania.conselldeivissa.es\/es\/dotze-artesans-deivissa-participen-en-la-xxx-fira-de-artesans-de-mila-fins-al-14-de-desembre\/#breadcrumb\"},\"inLanguage\":\"es\",\"potentialAction\":[{\"@type\":\"ReadAction\",\"target\":[\"https:\/\/artesania.conselldeivissa.es\/es\/dotze-artesans-deivissa-participen-en-la-xxx-fira-de-artesans-de-mila-fins-al-14-de-desembre\/\"]}]},{\"@type\":\"BreadcrumbList\",\"@id\":\"https:\/\/artesania.conselldeivissa.es\/es\/dotze-artesans-deivissa-participen-en-la-xxx-fira-de-artesans-de-mila-fins-al-14-de-desembre\/#breadcrumb\",\"itemListElement\":[{\"@type\":\"ListItem\",\"position\":1,\"name\":\"Portada\",\"item\":\"https:\/\/artesania.conselldeivissa.es\/es\/\"},{\"@type\":\"ListItem\",\"position\":2,\"name\":\"Doce artesanos de Ibiza participan en la XXX Feria de Artesanos de Mil\u00e0 hasta el 14 de diciembre\"}]},{\"@type\":\"WebSite\",\"@id\":\"https:\/\/artesania.conselldeivissa.es\/#website\",\"url\":\"https:\/\/artesania.conselldeivissa.es\/\",\"name\":\"Artesania d&#039;Eivissa\",\"description\":\"Artesanes i artesans d&#039;Eivisssa\",\"publisher\":{\"@id\":\"https:\/\/artesania.conselldeivissa.es\/#organization\"},\"potentialAction\":[{\"@type\":\"SearchAction\",\"target\":{\"@type\":\"EntryPoint\",\"urlTemplate\":\"https:\/\/artesania.conselldeivissa.es\/?s={search_term_string}\"},\"query-input\":\"required name=search_term_string\"}],\"inLanguage\":\"es\"},{\"@type\":\"Organization\",\"@id\":\"https:\/\/artesania.conselldeivissa.es\/#organization\",\"name\":\"Artesania d&#039;Eivissa\",\"url\":\"https:\/\/artesania.conselldeivissa.es\/\",\"sameAs\":[],\"logo\":{\"@type\":\"ImageObject\",\"inLanguage\":\"es\",\"@id\":\"https:\/\/artesania.conselldeivissa.es\/#\/schema\/logo\/image\/\",\"url\":\"https:\/\/artesania.conselldeivissa.es\/wp-content\/uploads\/2022\/08\/artesansnegro.png\",\"contentUrl\":\"https:\/\/artesania.conselldeivissa.es\/wp-content\/uploads\/2022\/08\/artesansnegro.png\",\"width\":400,\"height\":97,\"caption\":\"Artesania d&#039;Eivissa\"},\"image\":{\"@id\":\"https:\/\/artesania.conselldeivissa.es\/#\/schema\/logo\/image\/\"}},{\"@type\":\"Person\",\"@id\":\"https:\/\/artesania.conselldeivissa.es\/#\/schema\/person\/89ab04836e582ecc6834e32e3739f63a\",\"name\":\"consell\",\"image\":{\"@type\":\"ImageObject\",\"inLanguage\":\"es\",\"@id\":\"https:\/\/artesania.conselldeivissa.es\/#\/schema\/person\/image\/\",\"url\":\"https:\/\/secure.gravatar.com\/avatar\/4aaf408758aa1bbfe2573fe48956426c67e77152a620c25a96edb56cccb3f067?s=96&d=mm&r=g\",\"contentUrl\":\"https:\/\/secure.gravatar.com\/avatar\/4aaf408758aa1bbfe2573fe48956426c67e77152a620c25a96edb56cccb3f067?s=96&d=mm&r=g\",\"caption\":\"consell\"}}]}<\/script>\n<!-- \/ Yoast SEO plugin. -->","yoast_head_json":{"title":"Doce artesanos de Ibiza participan en la XXX Feria de Artesanos de Mil\u00e0 hasta el 14 de diciembre - Artesania d&#039;Eivissa","robots":{"index":"index","follow":"follow","max-snippet":"max-snippet:-1","max-image-preview":"max-image-preview:large","max-video-preview":"max-video-preview:-1"},"canonical":"https:\/\/artesania.conselldeivissa.es\/es\/dotze-artesans-deivissa-participen-en-la-xxx-fira-de-artesans-de-mila-fins-al-14-de-desembre\/","og_locale":"es_ES","og_type":"article","og_title":"Doce artesanos de Ibiza participan en la XXX Feria de Artesanos de Mil\u00e0 hasta el 14 de diciembre - Artesania d&#039;Eivissa","og_description":"[vc_row][vc_column][vc_column_text]La Feria \u2018Artigiano in Fiera\u2019 celebra su XXX edici\u00f3n en Mil\u00e1n, del 6 de al 14 de diciembre Estas 12 firmas est\u00e1n amparadas dentro de la marca del Consejo de [&hellip;]","og_url":"https:\/\/artesania.conselldeivissa.es\/es\/dotze-artesans-deivissa-participen-en-la-xxx-fira-de-artesans-de-mila-fins-al-14-de-desembre\/","og_site_name":"Artesania d&#039;Eivissa","article_published_time":"2025-12-10T12:17:48+00:00","article_modified_time":"2025-12-12T11:41:46+00:00","og_image":[{"width":1600,"height":1200,"url":"https:\/\/artesania.conselldeivissa.es\/wp-content\/uploads\/2025\/12\/1000389855.jpg","type":"image\/jpeg"}],"author":"consell","twitter_card":"summary_large_image","twitter_misc":{"Escrito por":"consell","Tiempo de lectura":"2 minutos"},"schema":{"@context":"https:\/\/schema.org","@graph":[{"@type":"Article","@id":"https:\/\/artesania.conselldeivissa.es\/es\/dotze-artesans-deivissa-participen-en-la-xxx-fira-de-artesans-de-mila-fins-al-14-de-desembre\/#article","isPartOf":{"@id":"https:\/\/artesania.conselldeivissa.es\/es\/dotze-artesans-deivissa-participen-en-la-xxx-fira-de-artesans-de-mila-fins-al-14-de-desembre\/"},"author":{"name":"consell","@id":"https:\/\/artesania.conselldeivissa.es\/#\/schema\/person\/89ab04836e582ecc6834e32e3739f63a"},"headline":"Doce artesanos de Ibiza participan en la XXX Feria de Artesanos de Mil\u00e0 hasta el 14 de diciembre","datePublished":"2025-12-10T12:17:48+00:00","dateModified":"2025-12-12T11:41:46+00:00","mainEntityOfPage":{"@id":"https:\/\/artesania.conselldeivissa.es\/es\/dotze-artesans-deivissa-participen-en-la-xxx-fira-de-artesans-de-mila-fins-al-14-de-desembre\/"},"wordCount":352,"commentCount":0,"publisher":{"@id":"https:\/\/artesania.conselldeivissa.es\/#organization"},"articleSection":["Sin categorizar"],"inLanguage":"es","potentialAction":[{"@type":"CommentAction","name":"Comment","target":["https:\/\/artesania.conselldeivissa.es\/es\/dotze-artesans-deivissa-participen-en-la-xxx-fira-de-artesans-de-mila-fins-al-14-de-desembre\/#respond"]}]},{"@type":"WebPage","@id":"https:\/\/artesania.conselldeivissa.es\/es\/dotze-artesans-deivissa-participen-en-la-xxx-fira-de-artesans-de-mila-fins-al-14-de-desembre\/","url":"https:\/\/artesania.conselldeivissa.es\/es\/dotze-artesans-deivissa-participen-en-la-xxx-fira-de-artesans-de-mila-fins-al-14-de-desembre\/","name":"Doce artesanos de Ibiza participan en la XXX Feria de Artesanos de Mil\u00e0 hasta el 14 de diciembre - Artesania d&#039;Eivissa","isPartOf":{"@id":"https:\/\/artesania.conselldeivissa.es\/#website"},"datePublished":"2025-12-10T12:17:48+00:00","dateModified":"2025-12-12T11:41:46+00:00","breadcrumb":{"@id":"https:\/\/artesania.conselldeivissa.es\/es\/dotze-artesans-deivissa-participen-en-la-xxx-fira-de-artesans-de-mila-fins-al-14-de-desembre\/#breadcrumb"},"inLanguage":"es","potentialAction":[{"@type":"ReadAction","target":["https:\/\/artesania.conselldeivissa.es\/es\/dotze-artesans-deivissa-participen-en-la-xxx-fira-de-artesans-de-mila-fins-al-14-de-desembre\/"]}]},{"@type":"BreadcrumbList","@id":"https:\/\/artesania.conselldeivissa.es\/es\/dotze-artesans-deivissa-participen-en-la-xxx-fira-de-artesans-de-mila-fins-al-14-de-desembre\/#breadcrumb","itemListElement":[{"@type":"ListItem","position":1,"name":"Portada","item":"https:\/\/artesania.conselldeivissa.es\/es\/"},{"@type":"ListItem","position":2,"name":"Doce artesanos de Ibiza participan en la XXX Feria de Artesanos de Mil\u00e0 hasta el 14 de diciembre"}]},{"@type":"WebSite","@id":"https:\/\/artesania.conselldeivissa.es\/#website","url":"https:\/\/artesania.conselldeivissa.es\/","name":"Artesania d&#039;Eivissa","description":"Artesanes i artesans d&#039;Eivisssa","publisher":{"@id":"https:\/\/artesania.conselldeivissa.es\/#organization"},"potentialAction":[{"@type":"SearchAction","target":{"@type":"EntryPoint","urlTemplate":"https:\/\/artesania.conselldeivissa.es\/?s={search_term_string}"},"query-input":"required name=search_term_string"}],"inLanguage":"es"},{"@type":"Organization","@id":"https:\/\/artesania.conselldeivissa.es\/#organization","name":"Artesania d&#039;Eivissa","url":"https:\/\/artesania.conselldeivissa.es\/","sameAs":[],"logo":{"@type":"ImageObject","inLanguage":"es","@id":"https:\/\/artesania.conselldeivissa.es\/#\/schema\/logo\/image\/","url":"https:\/\/artesania.conselldeivissa.es\/wp-content\/uploads\/2022\/08\/artesansnegro.png","contentUrl":"https:\/\/artesania.conselldeivissa.es\/wp-content\/uploads\/2022\/08\/artesansnegro.png","width":400,"height":97,"caption":"Artesania d&#039;Eivissa"},"image":{"@id":"https:\/\/artesania.conselldeivissa.es\/#\/schema\/logo\/image\/"}},{"@type":"Person","@id":"https:\/\/artesania.conselldeivissa.es\/#\/schema\/person\/89ab04836e582ecc6834e32e3739f63a","name":"consell","image":{"@type":"ImageObject","inLanguage":"es","@id":"https:\/\/artesania.conselldeivissa.es\/#\/schema\/person\/image\/","url":"https:\/\/secure.gravatar.com\/avatar\/4aaf408758aa1bbfe2573fe48956426c67e77152a620c25a96edb56cccb3f067?s=96&d=mm&r=g","contentUrl":"https:\/\/secure.gravatar.com\/avatar\/4aaf408758aa1bbfe2573fe48956426c67e77152a620c25a96edb56cccb3f067?s=96&d=mm&r=g","caption":"consell"}}]}},"_links":{"self":[{"href":"https:\/\/artesania.conselldeivissa.es\/es\/wp-json\/wp\/v2\/posts\/12252","targetHints":{"allow":["GET"]}}],"collection":[{"href":"https:\/\/artesania.conselldeivissa.es\/es\/wp-json\/wp\/v2\/posts"}],"about":[{"href":"https:\/\/artesania.conselldeivissa.es\/es\/wp-json\/wp\/v2\/types\/post"}],"author":[{"embeddable":true,"href":"https:\/\/artesania.conselldeivissa.es\/es\/wp-json\/wp\/v2\/users\/2"}],"replies":[{"embeddable":true,"href":"https:\/\/artesania.conselldeivissa.es\/es\/wp-json\/wp\/v2\/comments?post=12252"}],"version-history":[{"count":8,"href":"https:\/\/artesania.conselldeivissa.es\/es\/wp-json\/wp\/v2\/posts\/12252\/revisions"}],"predecessor-version":[{"id":12281,"href":"https:\/\/artesania.conselldeivissa.es\/es\/wp-json\/wp\/v2\/posts\/12252\/revisions\/12281"}],"wp:featuredmedia":[{"embeddable":true,"href":"https:\/\/artesania.conselldeivissa.es\/es\/wp-json\/wp\/v2\/media\/12231"}],"wp:attachment":[{"href":"https:\/\/artesania.conselldeivissa.es\/es\/wp-json\/wp\/v2\/media?parent=12252"}],"wp:term":[{"taxonomy":"category","embeddable":true,"href":"https:\/\/artesania.conselldeivissa.es\/es\/wp-json\/wp\/v2\/categories?post=12252"},{"taxonomy":"post_tag","embeddable":true,"href":"https:\/\/artesania.conselldeivissa.es\/es\/wp-json\/wp\/v2\/tags?post=12252"}],"curies":[{"name":"wp","href":"https:\/\/api.w.org\/{rel}","templated":true}]}}