{"id":12074,"date":"2024-08-20T10:43:26","date_gmt":"2024-08-20T08:43:26","guid":{"rendered":"https:\/\/artesania.conselldeivissa.es\/convocatoria-dajudes-per-al-foment-de-les-persones-artesanes-i-de-les-persones-dissenyadores-dadlib-per-a-lany-2024\/"},"modified":"2024-08-20T10:44:03","modified_gmt":"2024-08-20T08:44:03","slug":"convocatoria-de-ayudas-para-el-fomento-de-las-personas-artesanas-y-de-las-personas-disenadoras-de-adlib-para-el-ano-2024","status":"publish","type":"post","link":"https:\/\/artesania.conselldeivissa.es\/es\/convocatoria-de-ayudas-para-el-fomento-de-las-personas-artesanas-y-de-las-personas-disenadoras-de-adlib-para-el-ano-2024\/","title":{"rendered":"Convocatoria de ayudas para el fomento de las personas artesanas y de las personas dise\u00f1adoras de Adlib, para el a\u00f1o 2024"},"content":{"rendered":"<p>[vc_row][vc_column][vc_column_text]El Consell Insular d\u2019Eivissa ha convocado las ayudas de fomento de las personas artesanas y de las personas dise\u00f1adoras de Adlib 2024, con el objetivo de dinamizar y fomentar las industrias de la artesan\u00eda y de la moda Adlib en la isla de Ibiza.<\/p>\n<p>&nbsp;<\/p>\n<p>La finalidad de estas ayudas es promover el mejor conocimiento de la industria de la artesan\u00eda y de la industria de la moda de Ibiza en el exterior y su mejor posicionamiento en el mercado, consolidar la industria artesana y textil de Ibiza, e incrementar la comercializaci\u00f3n de la artesan\u00eda y de la moda Adlib y de las marcas respectivas.<\/p>\n<p>&nbsp;<\/p>\n<p>Por primera vez estas ayudas se dirigen tambi\u00e9n a los artesanos acreditados de la isla de Ibiza, tal y como se hizo ya en 2023 con las ayudas por adquisici\u00f3n de maquinaria y modernizaci\u00f3n de talleres.<\/p>\n<p>&nbsp;<\/p>\n<p><strong>\u00a0<\/strong><\/p>\n<p>El plazo para presentar las solicitudes ser\u00e1 de 15 d\u00edas naturales: Desde el viernes 16 hasta el viernes 30 de agosto, ambos incluidos.<\/p>\n<p>&nbsp;<\/p>\n<p>&nbsp;<\/p>\n<p>Podr\u00e1n solicitar las ayudas los <strong>dise\u00f1adores y las dise\u00f1adoras de moda<\/strong>, complementos y accesorios de moda Adlib y los <strong>artesanos y artesanas de la isla de Ibiza<\/strong>, que cumplan los requisitos correspondientes.<\/p>\n<p>&nbsp;<\/p>\n<p>Se podr\u00e1 solicitar subvenci\u00f3n por las actividades realizadas y pagadas entre el 15 de octubre de 2022 y 30 de junio de 2024.<\/p>\n<p>&nbsp;<\/p>\n<p>&nbsp;<\/p>\n<p>Las solicitudes se tendr\u00e1n que presentar de forma telem\u00e1tica, mediante el procedimiento espec\u00edfico de la sede electr\u00f3nica del Consell Insular d\u2019Eivissa, en la secci\u00f3n Industria y Comercio:<\/p>\n<p>&nbsp;<\/p>\n<p><a href=\"https:\/\/seu.conselldeivissa.es\/\">https:\/\/seu.conselldeivissa.es\/<\/a>[\/vc_column_text][\/vc_column][\/vc_row]<\/p>\n","protected":false},"excerpt":{"rendered":"<p>[vc_row][vc_column][vc_column_text]El Consell Insular d\u2019Eivissa ha convocado las ayudas de fomento de las personas artesanas y de las personas dise\u00f1adoras de Adlib 2024, con el objetivo de dinamizar y fomentar las [&hellip;]<\/p>\n","protected":false},"author":2,"featured_media":2457,"comment_status":"open","ping_status":"open","sticky":false,"template":"","format":"standard","meta":{"footnotes":""},"categories":[1],"tags":[],"class_list":["post-12074","post","type-post","status-publish","format-standard","has-post-thumbnail","hentry","category-sin-categorizar"],"acf":[],"yoast_head":"<!-- This site is optimized with the Yoast SEO plugin v19.6 - https:\/\/yoast.com\/wordpress\/plugins\/seo\/ -->\n<title>Convocatoria de ayudas para el fomento de las personas artesanas y de las personas dise\u00f1adoras de Adlib, para el a\u00f1o 2024 - Artesania d&#039;Eivissa<\/title>\n<meta name=\"robots\" content=\"index, follow, max-snippet:-1, max-image-preview:large, max-video-preview:-1\" \/>\n<link rel=\"canonical\" href=\"https:\/\/artesania.conselldeivissa.es\/es\/convocatoria-de-ayudas-para-el-fomento-de-las-personas-artesanas-y-de-las-personas-disenadoras-de-adlib-para-el-ano-2024\/\" \/>\n<meta property=\"og:locale\" content=\"es_ES\" \/>\n<meta property=\"og:type\" content=\"article\" \/>\n<meta property=\"og:title\" content=\"Convocatoria de ayudas para el fomento de las personas artesanas y de las personas dise\u00f1adoras de Adlib, para el a\u00f1o 2024 - Artesania d&#039;Eivissa\" \/>\n<meta property=\"og:description\" content=\"[vc_row][vc_column][vc_column_text]El Consell Insular d\u2019Eivissa ha convocado las ayudas de fomento de las personas artesanas y de las personas dise\u00f1adoras de Adlib 2024, con el objetivo de dinamizar y fomentar las [&hellip;]\" \/>\n<meta property=\"og:url\" content=\"https:\/\/artesania.conselldeivissa.es\/es\/convocatoria-de-ayudas-para-el-fomento-de-las-personas-artesanas-y-de-las-personas-disenadoras-de-adlib-para-el-ano-2024\/\" \/>\n<meta property=\"og:site_name\" content=\"Artesania d&#039;Eivissa\" \/>\n<meta property=\"article:published_time\" content=\"2024-08-20T08:43:26+00:00\" \/>\n<meta property=\"article:modified_time\" content=\"2024-08-20T08:44:03+00:00\" \/>\n<meta property=\"og:image\" content=\"https:\/\/artesania.conselldeivissa.es\/wp-content\/uploads\/2022\/08\/2.jpg\" \/>\n\t<meta property=\"og:image:width\" content=\"1536\" \/>\n\t<meta property=\"og:image:height\" content=\"1020\" \/>\n\t<meta property=\"og:image:type\" content=\"image\/jpeg\" \/>\n<meta name=\"author\" content=\"consell\" \/>\n<meta name=\"twitter:card\" content=\"summary_large_image\" \/>\n<meta name=\"twitter:label1\" content=\"Escrito por\" \/>\n\t<meta name=\"twitter:data1\" content=\"consell\" \/>\n\t<meta name=\"twitter:label2\" content=\"Tiempo de lectura\" \/>\n\t<meta name=\"twitter:data2\" content=\"2 minutos\" \/>\n<script type=\"application\/ld+json\" class=\"yoast-schema-graph\">{\"@context\":\"https:\/\/schema.org\",\"@graph\":[{\"@type\":\"Article\",\"@id\":\"https:\/\/artesania.conselldeivissa.es\/es\/convocatoria-de-ayudas-para-el-fomento-de-las-personas-artesanas-y-de-las-personas-disenadoras-de-adlib-para-el-ano-2024\/#article\",\"isPartOf\":{\"@id\":\"https:\/\/artesania.conselldeivissa.es\/es\/convocatoria-de-ayudas-para-el-fomento-de-las-personas-artesanas-y-de-las-personas-disenadoras-de-adlib-para-el-ano-2024\/\"},\"author\":{\"name\":\"consell\",\"@id\":\"https:\/\/artesania.conselldeivissa.es\/#\/schema\/person\/89ab04836e582ecc6834e32e3739f63a\"},\"headline\":\"Convocatoria de ayudas para el fomento de las personas artesanas y de las personas dise\u00f1adoras de Adlib, para el a\u00f1o 2024\",\"datePublished\":\"2024-08-20T08:43:26+00:00\",\"dateModified\":\"2024-08-20T08:44:03+00:00\",\"mainEntityOfPage\":{\"@id\":\"https:\/\/artesania.conselldeivissa.es\/es\/convocatoria-de-ayudas-para-el-fomento-de-las-personas-artesanas-y-de-las-personas-disenadoras-de-adlib-para-el-ano-2024\/\"},\"wordCount\":305,\"commentCount\":0,\"publisher\":{\"@id\":\"https:\/\/artesania.conselldeivissa.es\/#organization\"},\"articleSection\":[\"Sin categorizar\"],\"inLanguage\":\"es\",\"potentialAction\":[{\"@type\":\"CommentAction\",\"name\":\"Comment\",\"target\":[\"https:\/\/artesania.conselldeivissa.es\/es\/convocatoria-de-ayudas-para-el-fomento-de-las-personas-artesanas-y-de-las-personas-disenadoras-de-adlib-para-el-ano-2024\/#respond\"]}]},{\"@type\":\"WebPage\",\"@id\":\"https:\/\/artesania.conselldeivissa.es\/es\/convocatoria-de-ayudas-para-el-fomento-de-las-personas-artesanas-y-de-las-personas-disenadoras-de-adlib-para-el-ano-2024\/\",\"url\":\"https:\/\/artesania.conselldeivissa.es\/es\/convocatoria-de-ayudas-para-el-fomento-de-las-personas-artesanas-y-de-las-personas-disenadoras-de-adlib-para-el-ano-2024\/\",\"name\":\"Convocatoria de ayudas para el fomento de las personas artesanas y de las personas dise\u00f1adoras de Adlib, para el a\u00f1o 2024 - Artesania d&#039;Eivissa\",\"isPartOf\":{\"@id\":\"https:\/\/artesania.conselldeivissa.es\/#website\"},\"datePublished\":\"2024-08-20T08:43:26+00:00\",\"dateModified\":\"2024-08-20T08:44:03+00:00\",\"breadcrumb\":{\"@id\":\"https:\/\/artesania.conselldeivissa.es\/es\/convocatoria-de-ayudas-para-el-fomento-de-las-personas-artesanas-y-de-las-personas-disenadoras-de-adlib-para-el-ano-2024\/#breadcrumb\"},\"inLanguage\":\"es\",\"potentialAction\":[{\"@type\":\"ReadAction\",\"target\":[\"https:\/\/artesania.conselldeivissa.es\/es\/convocatoria-de-ayudas-para-el-fomento-de-las-personas-artesanas-y-de-las-personas-disenadoras-de-adlib-para-el-ano-2024\/\"]}]},{\"@type\":\"BreadcrumbList\",\"@id\":\"https:\/\/artesania.conselldeivissa.es\/es\/convocatoria-de-ayudas-para-el-fomento-de-las-personas-artesanas-y-de-las-personas-disenadoras-de-adlib-para-el-ano-2024\/#breadcrumb\",\"itemListElement\":[{\"@type\":\"ListItem\",\"position\":1,\"name\":\"Portada\",\"item\":\"https:\/\/artesania.conselldeivissa.es\/es\/\"},{\"@type\":\"ListItem\",\"position\":2,\"name\":\"Convocatoria de ayudas para el fomento de las personas artesanas y de las personas dise\u00f1adoras de Adlib, para el a\u00f1o 2024\"}]},{\"@type\":\"WebSite\",\"@id\":\"https:\/\/artesania.conselldeivissa.es\/#website\",\"url\":\"https:\/\/artesania.conselldeivissa.es\/\",\"name\":\"Artesania d&#039;Eivissa\",\"description\":\"Artesanes i artesans d&#039;Eivisssa\",\"publisher\":{\"@id\":\"https:\/\/artesania.conselldeivissa.es\/#organization\"},\"potentialAction\":[{\"@type\":\"SearchAction\",\"target\":{\"@type\":\"EntryPoint\",\"urlTemplate\":\"https:\/\/artesania.conselldeivissa.es\/?s={search_term_string}\"},\"query-input\":\"required name=search_term_string\"}],\"inLanguage\":\"es\"},{\"@type\":\"Organization\",\"@id\":\"https:\/\/artesania.conselldeivissa.es\/#organization\",\"name\":\"Artesania d&#039;Eivissa\",\"url\":\"https:\/\/artesania.conselldeivissa.es\/\",\"sameAs\":[],\"logo\":{\"@type\":\"ImageObject\",\"inLanguage\":\"es\",\"@id\":\"https:\/\/artesania.conselldeivissa.es\/#\/schema\/logo\/image\/\",\"url\":\"https:\/\/artesania.conselldeivissa.es\/wp-content\/uploads\/2022\/08\/artesansnegro.png\",\"contentUrl\":\"https:\/\/artesania.conselldeivissa.es\/wp-content\/uploads\/2022\/08\/artesansnegro.png\",\"width\":400,\"height\":97,\"caption\":\"Artesania d&#039;Eivissa\"},\"image\":{\"@id\":\"https:\/\/artesania.conselldeivissa.es\/#\/schema\/logo\/image\/\"}},{\"@type\":\"Person\",\"@id\":\"https:\/\/artesania.conselldeivissa.es\/#\/schema\/person\/89ab04836e582ecc6834e32e3739f63a\",\"name\":\"consell\",\"image\":{\"@type\":\"ImageObject\",\"inLanguage\":\"es\",\"@id\":\"https:\/\/artesania.conselldeivissa.es\/#\/schema\/person\/image\/\",\"url\":\"https:\/\/secure.gravatar.com\/avatar\/4aaf408758aa1bbfe2573fe48956426c67e77152a620c25a96edb56cccb3f067?s=96&d=mm&r=g\",\"contentUrl\":\"https:\/\/secure.gravatar.com\/avatar\/4aaf408758aa1bbfe2573fe48956426c67e77152a620c25a96edb56cccb3f067?s=96&d=mm&r=g\",\"caption\":\"consell\"}}]}<\/script>\n<!-- \/ Yoast SEO plugin. -->","yoast_head_json":{"title":"Convocatoria de ayudas para el fomento de las personas artesanas y de las personas dise\u00f1adoras de Adlib, para el a\u00f1o 2024 - Artesania d&#039;Eivissa","robots":{"index":"index","follow":"follow","max-snippet":"max-snippet:-1","max-image-preview":"max-image-preview:large","max-video-preview":"max-video-preview:-1"},"canonical":"https:\/\/artesania.conselldeivissa.es\/es\/convocatoria-de-ayudas-para-el-fomento-de-las-personas-artesanas-y-de-las-personas-disenadoras-de-adlib-para-el-ano-2024\/","og_locale":"es_ES","og_type":"article","og_title":"Convocatoria de ayudas para el fomento de las personas artesanas y de las personas dise\u00f1adoras de Adlib, para el a\u00f1o 2024 - Artesania d&#039;Eivissa","og_description":"[vc_row][vc_column][vc_column_text]El Consell Insular d\u2019Eivissa ha convocado las ayudas de fomento de las personas artesanas y de las personas dise\u00f1adoras de Adlib 2024, con el objetivo de dinamizar y fomentar las [&hellip;]","og_url":"https:\/\/artesania.conselldeivissa.es\/es\/convocatoria-de-ayudas-para-el-fomento-de-las-personas-artesanas-y-de-las-personas-disenadoras-de-adlib-para-el-ano-2024\/","og_site_name":"Artesania d&#039;Eivissa","article_published_time":"2024-08-20T08:43:26+00:00","article_modified_time":"2024-08-20T08:44:03+00:00","og_image":[{"width":1536,"height":1020,"url":"https:\/\/artesania.conselldeivissa.es\/wp-content\/uploads\/2022\/08\/2.jpg","type":"image\/jpeg"}],"author":"consell","twitter_card":"summary_large_image","twitter_misc":{"Escrito por":"consell","Tiempo de lectura":"2 minutos"},"schema":{"@context":"https:\/\/schema.org","@graph":[{"@type":"Article","@id":"https:\/\/artesania.conselldeivissa.es\/es\/convocatoria-de-ayudas-para-el-fomento-de-las-personas-artesanas-y-de-las-personas-disenadoras-de-adlib-para-el-ano-2024\/#article","isPartOf":{"@id":"https:\/\/artesania.conselldeivissa.es\/es\/convocatoria-de-ayudas-para-el-fomento-de-las-personas-artesanas-y-de-las-personas-disenadoras-de-adlib-para-el-ano-2024\/"},"author":{"name":"consell","@id":"https:\/\/artesania.conselldeivissa.es\/#\/schema\/person\/89ab04836e582ecc6834e32e3739f63a"},"headline":"Convocatoria de ayudas para el fomento de las personas artesanas y de las personas dise\u00f1adoras de Adlib, para el a\u00f1o 2024","datePublished":"2024-08-20T08:43:26+00:00","dateModified":"2024-08-20T08:44:03+00:00","mainEntityOfPage":{"@id":"https:\/\/artesania.conselldeivissa.es\/es\/convocatoria-de-ayudas-para-el-fomento-de-las-personas-artesanas-y-de-las-personas-disenadoras-de-adlib-para-el-ano-2024\/"},"wordCount":305,"commentCount":0,"publisher":{"@id":"https:\/\/artesania.conselldeivissa.es\/#organization"},"articleSection":["Sin categorizar"],"inLanguage":"es","potentialAction":[{"@type":"CommentAction","name":"Comment","target":["https:\/\/artesania.conselldeivissa.es\/es\/convocatoria-de-ayudas-para-el-fomento-de-las-personas-artesanas-y-de-las-personas-disenadoras-de-adlib-para-el-ano-2024\/#respond"]}]},{"@type":"WebPage","@id":"https:\/\/artesania.conselldeivissa.es\/es\/convocatoria-de-ayudas-para-el-fomento-de-las-personas-artesanas-y-de-las-personas-disenadoras-de-adlib-para-el-ano-2024\/","url":"https:\/\/artesania.conselldeivissa.es\/es\/convocatoria-de-ayudas-para-el-fomento-de-las-personas-artesanas-y-de-las-personas-disenadoras-de-adlib-para-el-ano-2024\/","name":"Convocatoria de ayudas para el fomento de las personas artesanas y de las personas dise\u00f1adoras de Adlib, para el a\u00f1o 2024 - Artesania d&#039;Eivissa","isPartOf":{"@id":"https:\/\/artesania.conselldeivissa.es\/#website"},"datePublished":"2024-08-20T08:43:26+00:00","dateModified":"2024-08-20T08:44:03+00:00","breadcrumb":{"@id":"https:\/\/artesania.conselldeivissa.es\/es\/convocatoria-de-ayudas-para-el-fomento-de-las-personas-artesanas-y-de-las-personas-disenadoras-de-adlib-para-el-ano-2024\/#breadcrumb"},"inLanguage":"es","potentialAction":[{"@type":"ReadAction","target":["https:\/\/artesania.conselldeivissa.es\/es\/convocatoria-de-ayudas-para-el-fomento-de-las-personas-artesanas-y-de-las-personas-disenadoras-de-adlib-para-el-ano-2024\/"]}]},{"@type":"BreadcrumbList","@id":"https:\/\/artesania.conselldeivissa.es\/es\/convocatoria-de-ayudas-para-el-fomento-de-las-personas-artesanas-y-de-las-personas-disenadoras-de-adlib-para-el-ano-2024\/#breadcrumb","itemListElement":[{"@type":"ListItem","position":1,"name":"Portada","item":"https:\/\/artesania.conselldeivissa.es\/es\/"},{"@type":"ListItem","position":2,"name":"Convocatoria de ayudas para el fomento de las personas artesanas y de las personas dise\u00f1adoras de Adlib, para el a\u00f1o 2024"}]},{"@type":"WebSite","@id":"https:\/\/artesania.conselldeivissa.es\/#website","url":"https:\/\/artesania.conselldeivissa.es\/","name":"Artesania d&#039;Eivissa","description":"Artesanes i artesans d&#039;Eivisssa","publisher":{"@id":"https:\/\/artesania.conselldeivissa.es\/#organization"},"potentialAction":[{"@type":"SearchAction","target":{"@type":"EntryPoint","urlTemplate":"https:\/\/artesania.conselldeivissa.es\/?s={search_term_string}"},"query-input":"required name=search_term_string"}],"inLanguage":"es"},{"@type":"Organization","@id":"https:\/\/artesania.conselldeivissa.es\/#organization","name":"Artesania d&#039;Eivissa","url":"https:\/\/artesania.conselldeivissa.es\/","sameAs":[],"logo":{"@type":"ImageObject","inLanguage":"es","@id":"https:\/\/artesania.conselldeivissa.es\/#\/schema\/logo\/image\/","url":"https:\/\/artesania.conselldeivissa.es\/wp-content\/uploads\/2022\/08\/artesansnegro.png","contentUrl":"https:\/\/artesania.conselldeivissa.es\/wp-content\/uploads\/2022\/08\/artesansnegro.png","width":400,"height":97,"caption":"Artesania d&#039;Eivissa"},"image":{"@id":"https:\/\/artesania.conselldeivissa.es\/#\/schema\/logo\/image\/"}},{"@type":"Person","@id":"https:\/\/artesania.conselldeivissa.es\/#\/schema\/person\/89ab04836e582ecc6834e32e3739f63a","name":"consell","image":{"@type":"ImageObject","inLanguage":"es","@id":"https:\/\/artesania.conselldeivissa.es\/#\/schema\/person\/image\/","url":"https:\/\/secure.gravatar.com\/avatar\/4aaf408758aa1bbfe2573fe48956426c67e77152a620c25a96edb56cccb3f067?s=96&d=mm&r=g","contentUrl":"https:\/\/secure.gravatar.com\/avatar\/4aaf408758aa1bbfe2573fe48956426c67e77152a620c25a96edb56cccb3f067?s=96&d=mm&r=g","caption":"consell"}}]}},"_links":{"self":[{"href":"https:\/\/artesania.conselldeivissa.es\/es\/wp-json\/wp\/v2\/posts\/12074","targetHints":{"allow":["GET"]}}],"collection":[{"href":"https:\/\/artesania.conselldeivissa.es\/es\/wp-json\/wp\/v2\/posts"}],"about":[{"href":"https:\/\/artesania.conselldeivissa.es\/es\/wp-json\/wp\/v2\/types\/post"}],"author":[{"embeddable":true,"href":"https:\/\/artesania.conselldeivissa.es\/es\/wp-json\/wp\/v2\/users\/2"}],"replies":[{"embeddable":true,"href":"https:\/\/artesania.conselldeivissa.es\/es\/wp-json\/wp\/v2\/comments?post=12074"}],"version-history":[{"count":1,"href":"https:\/\/artesania.conselldeivissa.es\/es\/wp-json\/wp\/v2\/posts\/12074\/revisions"}],"predecessor-version":[{"id":12075,"href":"https:\/\/artesania.conselldeivissa.es\/es\/wp-json\/wp\/v2\/posts\/12074\/revisions\/12075"}],"wp:featuredmedia":[{"embeddable":true,"href":"https:\/\/artesania.conselldeivissa.es\/es\/wp-json\/wp\/v2\/media\/2457"}],"wp:attachment":[{"href":"https:\/\/artesania.conselldeivissa.es\/es\/wp-json\/wp\/v2\/media?parent=12074"}],"wp:term":[{"taxonomy":"category","embeddable":true,"href":"https:\/\/artesania.conselldeivissa.es\/es\/wp-json\/wp\/v2\/categories?post=12074"},{"taxonomy":"post_tag","embeddable":true,"href":"https:\/\/artesania.conselldeivissa.es\/es\/wp-json\/wp\/v2\/tags?post=12074"}],"curies":[{"name":"wp","href":"https:\/\/api.w.org\/{rel}","templated":true}]}}