{"id":12012,"date":"2024-07-30T09:52:00","date_gmt":"2024-07-30T07:52:00","guid":{"rendered":"https:\/\/artesania.conselldeivissa.es\/?p=12012"},"modified":"2024-08-07T09:56:47","modified_gmt":"2024-08-07T07:56:47","slug":"46-alumnos-de-los-cursos-de-patronaje-y-confeccion-del-consell-de-ibiza-reciben-sus-diplomas-acreditativos","status":"publish","type":"post","link":"https:\/\/artesania.conselldeivissa.es\/es\/46-alumnos-de-los-cursos-de-patronaje-y-confeccion-del-consell-de-ibiza-reciben-sus-diplomas-acreditativos\/","title":{"rendered":"46 alumnos de los cursos de patronaje y confecci\u00f3n del Consell de Ibiza reciben sus diplomas acreditativos"},"content":{"rendered":"<p>[vc_row][vc_column][vc_column_text]La consellera de Promoci\u00f3n Econ\u00f3mica, Cooperaci\u00f3n Municipal, y Recursos Humanos Maria Fajarn\u00e9s, ha entregado hoy los diplomas acreditativos a un total de 46 alumnos que entre noviembre de 2023 y mayo de 2024\u00a0han finalizado satisfactoriamente el programa formativo en materia de patronaje y confecci\u00f3n correspondiente al nivel inicial, avanzado I, avanzado II\u00a0 o avanzado III.<\/p>\n<p>Estas formaciones se enmarcan dentro de las acciones de promoci\u00f3n de la artesan\u00eda desarrolladas por el Departamento de Promoci\u00f3n Econ\u00f3mica, Cooperaci\u00f3n Municipal y recursos Humanos y tienen como principal objetivo fortalecer la industria de la moda de Ibiza y ofrecer una formaci\u00f3n continuada que garantice una mayor profesionalizaci\u00f3n del sector en los oficios de modisto y cosedores.<\/p>\n<p>Los cursos se han llevado a cabo en el aula taller de la Escuela de Artes de Ibiza de la mano de profesionales con una reconocida trayectoria en el sector de la moda de Ibiza como son Tony Bonet, Monika Maxim y Ant\u00f2nia Riera (Ibimoda).<\/p>\n<p>La consellera Maria Fajarn\u00e9s ha destacado la buena acogida que han tenido estos cursos totalmente gratuitos y que son una oportunidad de formaci\u00f3n continuada para todas aquellas personas que quieran iniciarse o perfeccionar sus conocimientos en relaci\u00f3n al oficio de cosedor\/a y patronista, garantizando una mayor profesionalizaci\u00f3n del sector y potenciando la obtenci\u00f3n de las acreditaciones artesanales de estos oficios.[\/vc_column_text][\/vc_column][\/vc_row][vc_row][vc_column][vc_gallery interval=\u00bb5&#8243; images=\u00bb11999,12001&#8243; img_size=\u00bb1092&#215;796&#8243;][\/vc_column][\/vc_row]<\/p>\n","protected":false},"excerpt":{"rendered":"<p>[vc_row][vc_column][vc_column_text]La consellera de Promoci\u00f3n Econ\u00f3mica, Cooperaci\u00f3n Municipal, y Recursos Humanos Maria Fajarn\u00e9s, ha entregado hoy los diplomas acreditativos a un total de 46 alumnos que entre noviembre de 2023 y [&hellip;]<\/p>\n","protected":false},"author":2,"featured_media":12001,"comment_status":"open","ping_status":"open","sticky":false,"template":"","format":"standard","meta":{"footnotes":""},"categories":[1],"tags":[],"class_list":["post-12012","post","type-post","status-publish","format-standard","has-post-thumbnail","hentry","category-sin-categorizar"],"acf":[],"yoast_head":"<!-- This site is optimized with the Yoast SEO plugin v19.6 - https:\/\/yoast.com\/wordpress\/plugins\/seo\/ -->\n<title>46 alumnos de los cursos de patronaje y confecci\u00f3n del Consell de Ibiza reciben sus diplomas acreditativos - Artesania d&#039;Eivissa<\/title>\n<meta name=\"robots\" content=\"index, follow, max-snippet:-1, max-image-preview:large, max-video-preview:-1\" \/>\n<link rel=\"canonical\" href=\"https:\/\/artesania.conselldeivissa.es\/46-alumnes-dels-cursos-de-patronatge-i-confeccio-del-consell-deivissa-reben-els-seus-diplomes-acreditatius\/\" \/>\n<meta property=\"og:locale\" content=\"es_ES\" \/>\n<meta property=\"og:type\" content=\"article\" \/>\n<meta property=\"og:title\" content=\"46 alumnos de los cursos de patronaje y confecci\u00f3n del Consell de Ibiza reciben sus diplomas acreditativos - Artesania d&#039;Eivissa\" \/>\n<meta property=\"og:description\" content=\"[vc_row][vc_column][vc_column_text]La consellera de Promoci\u00f3n Econ\u00f3mica, Cooperaci\u00f3n Municipal, y Recursos Humanos Maria Fajarn\u00e9s, ha entregado hoy los diplomas acreditativos a un total de 46 alumnos que entre noviembre de 2023 y [&hellip;]\" \/>\n<meta property=\"og:url\" content=\"https:\/\/artesania.conselldeivissa.es\/46-alumnes-dels-cursos-de-patronatge-i-confeccio-del-consell-deivissa-reben-els-seus-diplomes-acreditatius\/\" \/>\n<meta property=\"og:site_name\" content=\"Artesania d&#039;Eivissa\" \/>\n<meta property=\"article:published_time\" content=\"2024-07-30T07:52:00+00:00\" \/>\n<meta property=\"article:modified_time\" content=\"2024-08-07T07:56:47+00:00\" \/>\n<meta property=\"og:image\" content=\"https:\/\/artesania.conselldeivissa.es\/wp-content\/uploads\/2024\/08\/diplomes_CURSOS_PATRONATGE-01-40.jpg\" \/>\n\t<meta property=\"og:image:width\" content=\"2048\" \/>\n\t<meta property=\"og:image:height\" content=\"1365\" \/>\n\t<meta property=\"og:image:type\" content=\"image\/jpeg\" \/>\n<meta name=\"author\" content=\"consell\" \/>\n<meta name=\"twitter:card\" content=\"summary_large_image\" \/>\n<meta name=\"twitter:label1\" content=\"Escrito por\" \/>\n\t<meta name=\"twitter:data1\" content=\"consell\" \/>\n\t<meta name=\"twitter:label2\" content=\"Tiempo de lectura\" \/>\n\t<meta name=\"twitter:data2\" content=\"2 minutos\" \/>\n<script type=\"application\/ld+json\" class=\"yoast-schema-graph\">{\"@context\":\"https:\/\/schema.org\",\"@graph\":[{\"@type\":\"Article\",\"@id\":\"https:\/\/artesania.conselldeivissa.es\/46-alumnes-dels-cursos-de-patronatge-i-confeccio-del-consell-deivissa-reben-els-seus-diplomes-acreditatius\/#article\",\"isPartOf\":{\"@id\":\"https:\/\/artesania.conselldeivissa.es\/46-alumnes-dels-cursos-de-patronatge-i-confeccio-del-consell-deivissa-reben-els-seus-diplomes-acreditatius\/\"},\"author\":{\"name\":\"consell\",\"@id\":\"https:\/\/artesania.conselldeivissa.es\/#\/schema\/person\/89ab04836e582ecc6834e32e3739f63a\"},\"headline\":\"46 alumnos de los cursos de patronaje y confecci\u00f3n del Consell de Ibiza reciben sus diplomas acreditativos\",\"datePublished\":\"2024-07-30T07:52:00+00:00\",\"dateModified\":\"2024-08-07T07:56:47+00:00\",\"mainEntityOfPage\":{\"@id\":\"https:\/\/artesania.conselldeivissa.es\/46-alumnes-dels-cursos-de-patronatge-i-confeccio-del-consell-deivissa-reben-els-seus-diplomes-acreditatius\/\"},\"wordCount\":280,\"commentCount\":0,\"publisher\":{\"@id\":\"https:\/\/artesania.conselldeivissa.es\/#organization\"},\"articleSection\":[\"Sin categorizar\"],\"inLanguage\":\"es\",\"potentialAction\":[{\"@type\":\"CommentAction\",\"name\":\"Comment\",\"target\":[\"https:\/\/artesania.conselldeivissa.es\/46-alumnes-dels-cursos-de-patronatge-i-confeccio-del-consell-deivissa-reben-els-seus-diplomes-acreditatius\/#respond\"]}]},{\"@type\":\"WebPage\",\"@id\":\"https:\/\/artesania.conselldeivissa.es\/46-alumnes-dels-cursos-de-patronatge-i-confeccio-del-consell-deivissa-reben-els-seus-diplomes-acreditatius\/\",\"url\":\"https:\/\/artesania.conselldeivissa.es\/46-alumnes-dels-cursos-de-patronatge-i-confeccio-del-consell-deivissa-reben-els-seus-diplomes-acreditatius\/\",\"name\":\"46 alumnos de los cursos de patronaje y confecci\u00f3n del Consell de Ibiza reciben sus diplomas acreditativos - Artesania d&#039;Eivissa\",\"isPartOf\":{\"@id\":\"https:\/\/artesania.conselldeivissa.es\/#website\"},\"datePublished\":\"2024-07-30T07:52:00+00:00\",\"dateModified\":\"2024-08-07T07:56:47+00:00\",\"breadcrumb\":{\"@id\":\"https:\/\/artesania.conselldeivissa.es\/46-alumnes-dels-cursos-de-patronatge-i-confeccio-del-consell-deivissa-reben-els-seus-diplomes-acreditatius\/#breadcrumb\"},\"inLanguage\":\"es\",\"potentialAction\":[{\"@type\":\"ReadAction\",\"target\":[\"https:\/\/artesania.conselldeivissa.es\/46-alumnes-dels-cursos-de-patronatge-i-confeccio-del-consell-deivissa-reben-els-seus-diplomes-acreditatius\/\"]}]},{\"@type\":\"BreadcrumbList\",\"@id\":\"https:\/\/artesania.conselldeivissa.es\/46-alumnes-dels-cursos-de-patronatge-i-confeccio-del-consell-deivissa-reben-els-seus-diplomes-acreditatius\/#breadcrumb\",\"itemListElement\":[{\"@type\":\"ListItem\",\"position\":1,\"name\":\"Portada\",\"item\":\"https:\/\/artesania.conselldeivissa.es\/es\/\"},{\"@type\":\"ListItem\",\"position\":2,\"name\":\"46 alumnos de los cursos de patronaje y confecci\u00f3n del Consell de Ibiza reciben sus diplomas acreditativos\"}]},{\"@type\":\"WebSite\",\"@id\":\"https:\/\/artesania.conselldeivissa.es\/#website\",\"url\":\"https:\/\/artesania.conselldeivissa.es\/\",\"name\":\"Artesania d&#039;Eivissa\",\"description\":\"Artesanes i artesans d&#039;Eivisssa\",\"publisher\":{\"@id\":\"https:\/\/artesania.conselldeivissa.es\/#organization\"},\"potentialAction\":[{\"@type\":\"SearchAction\",\"target\":{\"@type\":\"EntryPoint\",\"urlTemplate\":\"https:\/\/artesania.conselldeivissa.es\/?s={search_term_string}\"},\"query-input\":\"required name=search_term_string\"}],\"inLanguage\":\"es\"},{\"@type\":\"Organization\",\"@id\":\"https:\/\/artesania.conselldeivissa.es\/#organization\",\"name\":\"Artesania d&#039;Eivissa\",\"url\":\"https:\/\/artesania.conselldeivissa.es\/\",\"sameAs\":[],\"logo\":{\"@type\":\"ImageObject\",\"inLanguage\":\"es\",\"@id\":\"https:\/\/artesania.conselldeivissa.es\/#\/schema\/logo\/image\/\",\"url\":\"https:\/\/artesania.conselldeivissa.es\/wp-content\/uploads\/2022\/08\/artesansnegro.png\",\"contentUrl\":\"https:\/\/artesania.conselldeivissa.es\/wp-content\/uploads\/2022\/08\/artesansnegro.png\",\"width\":400,\"height\":97,\"caption\":\"Artesania d&#039;Eivissa\"},\"image\":{\"@id\":\"https:\/\/artesania.conselldeivissa.es\/#\/schema\/logo\/image\/\"}},{\"@type\":\"Person\",\"@id\":\"https:\/\/artesania.conselldeivissa.es\/#\/schema\/person\/89ab04836e582ecc6834e32e3739f63a\",\"name\":\"consell\",\"image\":{\"@type\":\"ImageObject\",\"inLanguage\":\"es\",\"@id\":\"https:\/\/artesania.conselldeivissa.es\/#\/schema\/person\/image\/\",\"url\":\"https:\/\/secure.gravatar.com\/avatar\/4aaf408758aa1bbfe2573fe48956426c67e77152a620c25a96edb56cccb3f067?s=96&d=mm&r=g\",\"contentUrl\":\"https:\/\/secure.gravatar.com\/avatar\/4aaf408758aa1bbfe2573fe48956426c67e77152a620c25a96edb56cccb3f067?s=96&d=mm&r=g\",\"caption\":\"consell\"}}]}<\/script>\n<!-- \/ Yoast SEO plugin. -->","yoast_head_json":{"title":"46 alumnos de los cursos de patronaje y confecci\u00f3n del Consell de Ibiza reciben sus diplomas acreditativos - Artesania d&#039;Eivissa","robots":{"index":"index","follow":"follow","max-snippet":"max-snippet:-1","max-image-preview":"max-image-preview:large","max-video-preview":"max-video-preview:-1"},"canonical":"https:\/\/artesania.conselldeivissa.es\/46-alumnes-dels-cursos-de-patronatge-i-confeccio-del-consell-deivissa-reben-els-seus-diplomes-acreditatius\/","og_locale":"es_ES","og_type":"article","og_title":"46 alumnos de los cursos de patronaje y confecci\u00f3n del Consell de Ibiza reciben sus diplomas acreditativos - Artesania d&#039;Eivissa","og_description":"[vc_row][vc_column][vc_column_text]La consellera de Promoci\u00f3n Econ\u00f3mica, Cooperaci\u00f3n Municipal, y Recursos Humanos Maria Fajarn\u00e9s, ha entregado hoy los diplomas acreditativos a un total de 46 alumnos que entre noviembre de 2023 y [&hellip;]","og_url":"https:\/\/artesania.conselldeivissa.es\/46-alumnes-dels-cursos-de-patronatge-i-confeccio-del-consell-deivissa-reben-els-seus-diplomes-acreditatius\/","og_site_name":"Artesania d&#039;Eivissa","article_published_time":"2024-07-30T07:52:00+00:00","article_modified_time":"2024-08-07T07:56:47+00:00","og_image":[{"width":2048,"height":1365,"url":"https:\/\/artesania.conselldeivissa.es\/wp-content\/uploads\/2024\/08\/diplomes_CURSOS_PATRONATGE-01-40.jpg","type":"image\/jpeg"}],"author":"consell","twitter_card":"summary_large_image","twitter_misc":{"Escrito por":"consell","Tiempo de lectura":"2 minutos"},"schema":{"@context":"https:\/\/schema.org","@graph":[{"@type":"Article","@id":"https:\/\/artesania.conselldeivissa.es\/46-alumnes-dels-cursos-de-patronatge-i-confeccio-del-consell-deivissa-reben-els-seus-diplomes-acreditatius\/#article","isPartOf":{"@id":"https:\/\/artesania.conselldeivissa.es\/46-alumnes-dels-cursos-de-patronatge-i-confeccio-del-consell-deivissa-reben-els-seus-diplomes-acreditatius\/"},"author":{"name":"consell","@id":"https:\/\/artesania.conselldeivissa.es\/#\/schema\/person\/89ab04836e582ecc6834e32e3739f63a"},"headline":"46 alumnos de los cursos de patronaje y confecci\u00f3n del Consell de Ibiza reciben sus diplomas acreditativos","datePublished":"2024-07-30T07:52:00+00:00","dateModified":"2024-08-07T07:56:47+00:00","mainEntityOfPage":{"@id":"https:\/\/artesania.conselldeivissa.es\/46-alumnes-dels-cursos-de-patronatge-i-confeccio-del-consell-deivissa-reben-els-seus-diplomes-acreditatius\/"},"wordCount":280,"commentCount":0,"publisher":{"@id":"https:\/\/artesania.conselldeivissa.es\/#organization"},"articleSection":["Sin categorizar"],"inLanguage":"es","potentialAction":[{"@type":"CommentAction","name":"Comment","target":["https:\/\/artesania.conselldeivissa.es\/46-alumnes-dels-cursos-de-patronatge-i-confeccio-del-consell-deivissa-reben-els-seus-diplomes-acreditatius\/#respond"]}]},{"@type":"WebPage","@id":"https:\/\/artesania.conselldeivissa.es\/46-alumnes-dels-cursos-de-patronatge-i-confeccio-del-consell-deivissa-reben-els-seus-diplomes-acreditatius\/","url":"https:\/\/artesania.conselldeivissa.es\/46-alumnes-dels-cursos-de-patronatge-i-confeccio-del-consell-deivissa-reben-els-seus-diplomes-acreditatius\/","name":"46 alumnos de los cursos de patronaje y confecci\u00f3n del Consell de Ibiza reciben sus diplomas acreditativos - Artesania d&#039;Eivissa","isPartOf":{"@id":"https:\/\/artesania.conselldeivissa.es\/#website"},"datePublished":"2024-07-30T07:52:00+00:00","dateModified":"2024-08-07T07:56:47+00:00","breadcrumb":{"@id":"https:\/\/artesania.conselldeivissa.es\/46-alumnes-dels-cursos-de-patronatge-i-confeccio-del-consell-deivissa-reben-els-seus-diplomes-acreditatius\/#breadcrumb"},"inLanguage":"es","potentialAction":[{"@type":"ReadAction","target":["https:\/\/artesania.conselldeivissa.es\/46-alumnes-dels-cursos-de-patronatge-i-confeccio-del-consell-deivissa-reben-els-seus-diplomes-acreditatius\/"]}]},{"@type":"BreadcrumbList","@id":"https:\/\/artesania.conselldeivissa.es\/46-alumnes-dels-cursos-de-patronatge-i-confeccio-del-consell-deivissa-reben-els-seus-diplomes-acreditatius\/#breadcrumb","itemListElement":[{"@type":"ListItem","position":1,"name":"Portada","item":"https:\/\/artesania.conselldeivissa.es\/es\/"},{"@type":"ListItem","position":2,"name":"46 alumnos de los cursos de patronaje y confecci\u00f3n del Consell de Ibiza reciben sus diplomas acreditativos"}]},{"@type":"WebSite","@id":"https:\/\/artesania.conselldeivissa.es\/#website","url":"https:\/\/artesania.conselldeivissa.es\/","name":"Artesania d&#039;Eivissa","description":"Artesanes i artesans d&#039;Eivisssa","publisher":{"@id":"https:\/\/artesania.conselldeivissa.es\/#organization"},"potentialAction":[{"@type":"SearchAction","target":{"@type":"EntryPoint","urlTemplate":"https:\/\/artesania.conselldeivissa.es\/?s={search_term_string}"},"query-input":"required name=search_term_string"}],"inLanguage":"es"},{"@type":"Organization","@id":"https:\/\/artesania.conselldeivissa.es\/#organization","name":"Artesania d&#039;Eivissa","url":"https:\/\/artesania.conselldeivissa.es\/","sameAs":[],"logo":{"@type":"ImageObject","inLanguage":"es","@id":"https:\/\/artesania.conselldeivissa.es\/#\/schema\/logo\/image\/","url":"https:\/\/artesania.conselldeivissa.es\/wp-content\/uploads\/2022\/08\/artesansnegro.png","contentUrl":"https:\/\/artesania.conselldeivissa.es\/wp-content\/uploads\/2022\/08\/artesansnegro.png","width":400,"height":97,"caption":"Artesania d&#039;Eivissa"},"image":{"@id":"https:\/\/artesania.conselldeivissa.es\/#\/schema\/logo\/image\/"}},{"@type":"Person","@id":"https:\/\/artesania.conselldeivissa.es\/#\/schema\/person\/89ab04836e582ecc6834e32e3739f63a","name":"consell","image":{"@type":"ImageObject","inLanguage":"es","@id":"https:\/\/artesania.conselldeivissa.es\/#\/schema\/person\/image\/","url":"https:\/\/secure.gravatar.com\/avatar\/4aaf408758aa1bbfe2573fe48956426c67e77152a620c25a96edb56cccb3f067?s=96&d=mm&r=g","contentUrl":"https:\/\/secure.gravatar.com\/avatar\/4aaf408758aa1bbfe2573fe48956426c67e77152a620c25a96edb56cccb3f067?s=96&d=mm&r=g","caption":"consell"}}]}},"_links":{"self":[{"href":"https:\/\/artesania.conselldeivissa.es\/es\/wp-json\/wp\/v2\/posts\/12012","targetHints":{"allow":["GET"]}}],"collection":[{"href":"https:\/\/artesania.conselldeivissa.es\/es\/wp-json\/wp\/v2\/posts"}],"about":[{"href":"https:\/\/artesania.conselldeivissa.es\/es\/wp-json\/wp\/v2\/types\/post"}],"author":[{"embeddable":true,"href":"https:\/\/artesania.conselldeivissa.es\/es\/wp-json\/wp\/v2\/users\/2"}],"replies":[{"embeddable":true,"href":"https:\/\/artesania.conselldeivissa.es\/es\/wp-json\/wp\/v2\/comments?post=12012"}],"version-history":[{"count":1,"href":"https:\/\/artesania.conselldeivissa.es\/es\/wp-json\/wp\/v2\/posts\/12012\/revisions"}],"predecessor-version":[{"id":12013,"href":"https:\/\/artesania.conselldeivissa.es\/es\/wp-json\/wp\/v2\/posts\/12012\/revisions\/12013"}],"wp:featuredmedia":[{"embeddable":true,"href":"https:\/\/artesania.conselldeivissa.es\/es\/wp-json\/wp\/v2\/media\/12001"}],"wp:attachment":[{"href":"https:\/\/artesania.conselldeivissa.es\/es\/wp-json\/wp\/v2\/media?parent=12012"}],"wp:term":[{"taxonomy":"category","embeddable":true,"href":"https:\/\/artesania.conselldeivissa.es\/es\/wp-json\/wp\/v2\/categories?post=12012"},{"taxonomy":"post_tag","embeddable":true,"href":"https:\/\/artesania.conselldeivissa.es\/es\/wp-json\/wp\/v2\/tags?post=12012"}],"curies":[{"name":"wp","href":"https:\/\/api.w.org\/{rel}","templated":true}]}}