{"id":9643,"global_id":"artesania.conselldeivissa.es\/es\/?id=9643","global_id_lineage":["artesania.conselldeivissa.es\/es\/?id=9643"],"author":"2","status":"publish","date":"2024-05-23 12:47:47","date_utc":"2024-05-23 10:47:47","modified":"2024-05-23 12:47:47","modified_utc":"2024-05-23 10:47:47","url":"https:\/\/artesania.conselldeivissa.es\/es\/agenda\/mercado-ecologico-y-de-artesania-tradicional-de-sant-josep-de-sa-talaia\/2024-09-07\/","rest_url":"https:\/\/artesania.conselldeivissa.es\/es\/wp-json\/tribe\/events\/v1\/events\/9643","title":"Mercado ecol\u00f3gico y de artesan\u00eda tradicional de Sant Josep de sa Talaia","description":"<p>Los s\u00e1bados por la ma\u00f1ana en el casco urbano de Sant Josep de sa Talaia entre el 06 de abril y el 26 de octubre de 2024 de 9:30 a 13:30 horas.<\/p>\n<p>Calle de Pere Escanellas, frente al Ayuntamiento de Sant Josep de sa Talaia.<\/p>\n<p>El visitante encontrar\u00e1 una muestra de oficios tradicionales ibicencos, as\u00ed como tambi\u00e9n diferentes productos artesanales, locales y ecol\u00f3gicos elaborados en la isla.<\/p>\n<p><a href=\"https:\/\/www.santjosep.net\/evento\/mercado-sant-josep-ecologico-local-artesania\/\">https:\/\/www.santjosep.net\/evento\/mercado-sant-josep-ecologico-local-artesania\/<\/a><\/p>","excerpt":"","slug":"mercado-ecologico-y-de-artesania-tradicional-de-sant-josep-de-sa-talaia-2024-09-07","image":{"url":"https:\/\/artesania.conselldeivissa.es\/wp-content\/uploads\/2024\/05\/MERCAT-DE-SAN-JOSEP_ret.jpg","id":9596,"extension":"jpg","width":1759,"height":1376,"filesize":831575,"sizes":{"medium":{"width":300,"height":235,"mime-type":"image\/jpeg","filesize":22542,"url":"https:\/\/artesania.conselldeivissa.es\/wp-content\/uploads\/2024\/05\/MERCAT-DE-SAN-JOSEP_ret-300x235.jpg"},"large":{"width":1024,"height":801,"mime-type":"image\/jpeg","filesize":228305,"url":"https:\/\/artesania.conselldeivissa.es\/wp-content\/uploads\/2024\/05\/MERCAT-DE-SAN-JOSEP_ret-1024x801.jpg"},"thumbnail":{"width":150,"height":150,"mime-type":"image\/jpeg","filesize":7970,"url":"https:\/\/artesania.conselldeivissa.es\/wp-content\/uploads\/2024\/05\/MERCAT-DE-SAN-JOSEP_ret-150x150.jpg"},"medium_large":{"width":768,"height":601,"mime-type":"image\/jpeg","filesize":136881,"url":"https:\/\/artesania.conselldeivissa.es\/wp-content\/uploads\/2024\/05\/MERCAT-DE-SAN-JOSEP_ret-768x601.jpg"},"1536x1536":{"width":1536,"height":1202,"mime-type":"image\/jpeg","filesize":447850,"url":"https:\/\/artesania.conselldeivissa.es\/wp-content\/uploads\/2024\/05\/MERCAT-DE-SAN-JOSEP_ret-1536x1202.jpg"},"laurits_core_image_size_square":{"width":650,"height":650,"mime-type":"image\/jpeg","filesize":124391,"url":"https:\/\/artesania.conselldeivissa.es\/wp-content\/uploads\/2024\/05\/MERCAT-DE-SAN-JOSEP_ret-650x650.jpg"},"laurits_core_image_size_landscape":{"width":1300,"height":650,"mime-type":"image\/jpeg","filesize":213443,"url":"https:\/\/artesania.conselldeivissa.es\/wp-content\/uploads\/2024\/05\/MERCAT-DE-SAN-JOSEP_ret-1300x650.jpg"},"laurits_core_image_size_portrait":{"width":650,"height":1300,"mime-type":"image\/jpeg","filesize":169788,"url":"https:\/\/artesania.conselldeivissa.es\/wp-content\/uploads\/2024\/05\/MERCAT-DE-SAN-JOSEP_ret-650x1300.jpg"},"laurits_core_image_size_huge-square":{"width":1300,"height":1300,"mime-type":"image\/jpeg","filesize":388411,"url":"https:\/\/artesania.conselldeivissa.es\/wp-content\/uploads\/2024\/05\/MERCAT-DE-SAN-JOSEP_ret-1300x1300.jpg"},"cmplz_banner_image":{"width":350,"height":100,"mime-type":"image\/jpeg","filesize":11074,"url":"https:\/\/artesania.conselldeivissa.es\/wp-content\/uploads\/2024\/05\/MERCAT-DE-SAN-JOSEP_ret-350x100.jpg"}}},"all_day":false,"start_date":"2024-09-07 09:30:00","start_date_details":{"year":"2024","month":"09","day":"07","hour":"09","minutes":"30","seconds":"00"},"end_date":"2024-09-07 13:30:00","end_date_details":{"year":"2024","month":"09","day":"07","hour":"13","minutes":"30","seconds":"00"},"utc_start_date":"2024-09-07 07:30:00","utc_start_date_details":{"year":"2024","month":"09","day":"07","hour":"07","minutes":"30","seconds":"00"},"utc_end_date":"2024-09-07 11:30:00","utc_end_date_details":{"year":"2024","month":"09","day":"07","hour":"11","minutes":"30","seconds":"00"},"timezone":"Europe\/Madrid","timezone_abbr":"","cost":"","cost_details":{"currency_symbol":"","currency_position":"suffix","values":[]},"website":"https:\/\/www.santjosep.net\/evento\/mercado-sant-josep-ecologico-local-artesania\/","show_map":true,"show_map_link":true,"hide_from_listings":false,"sticky":false,"featured":false,"categories":[{"name":"Mercados artesanales","slug":"mercados-artesanales","term_group":0,"term_taxonomy_id":30,"taxonomy":"tribe_events_cat","description":"","parent":0,"count":409,"filter":"raw","id":30,"urls":{"self":"https:\/\/artesania.conselldeivissa.es\/es\/wp-json\/tribe\/events\/v1\/categories\/30","collection":"https:\/\/artesania.conselldeivissa.es\/es\/wp-json\/tribe\/events\/v1\/categories"}}],"tags":[],"venue":{"id":1127,"author":"1","status":"publish","date":"2022-07-27 14:00:53","date_utc":"2022-07-27 12:00:53","modified":"2022-07-27 14:10:34","modified_utc":"2022-07-27 12:10:34","url":"https:\/\/artesania.conselldeivissa.es\/es\/venue\/sant-josep-de-sa-talaia\/","venue":"Sant Josep de sa Talaia","slug":"sant-josep-de-sa-talaia","address":"Carrer de Pere Escanellas, 31","city":"Sant Josep de sa Talaia","country":"Espa\u00f1a","zip":"07830","website":"www.santjosep.net","json_ld":{"@type":"Place","name":"Sant Josep de sa Talaia","description":"","url":"https:\/\/artesania.conselldeivissa.es\/es\/venue\/sant-josep-de-sa-talaia\/","address":{"@type":"PostalAddress","streetAddress":"Carrer de Pere Escanellas, 31","addressLocality":"Sant Josep de sa Talaia","postalCode":"07830","addressCountry":"Espa\u00f1a"},"telephone":"","sameAs":"www.santjosep.net"},"show_map":true,"show_map_link":true,"global_id":"artesania.conselldeivissa.es\/es\/?id=1127","global_id_lineage":["artesania.conselldeivissa.es\/es\/?id=1127"]},"organizer":[],"json_ld":{"@context":"http:\/\/schema.org","@type":"Event","name":"Mercado ecol\u00f3gico y de artesan\u00eda tradicional de Sant Josep de sa Talaia","description":"&lt;p&gt;Los s\u00e1bados por la ma\u00f1ana en el casco urbano de Sant Josep de sa Talaia entre el 06 de abril y el 26 de octubre de 2024 de 9:30 a [&hellip;]&lt;\/p&gt;\\n","image":"https:\/\/artesania.conselldeivissa.es\/wp-content\/uploads\/2024\/05\/MERCAT-DE-SAN-JOSEP_ret.jpg","url":"https:\/\/artesania.conselldeivissa.es\/es\/agenda\/mercado-ecologico-y-de-artesania-tradicional-de-sant-josep-de-sa-talaia\/2024-09-07\/","eventAttendanceMode":"https:\/\/schema.org\/OfflineEventAttendanceMode","startDate":"2024-09-07T09:30:00+02:00","endDate":"2024-09-07T13:30:00+02:00","location":{"@type":"Place","name":"Sant Josep de sa Talaia","description":"","url":"https:\/\/artesania.conselldeivissa.es\/es\/venue\/sant-josep-de-sa-talaia\/","address":{"@type":"PostalAddress","streetAddress":"Carrer de Pere Escanellas, 31","addressLocality":"Sant Josep de sa Talaia","postalCode":"07830","addressCountry":"Espa\u00f1a"},"telephone":"","sameAs":"www.santjosep.net"},"performer":"Organization"}}