{"id":7701,"global_id":"artesania.conselldeivissa.es\/es\/?id=7701","global_id_lineage":["artesania.conselldeivissa.es\/es\/?id=7701"],"author":"1","status":"publish","date":"2022-08-25 13:56:15","date_utc":"2022-08-25 11:56:15","modified":"2022-08-25 13:56:15","modified_utc":"2022-08-25 11:56:15","url":"https:\/\/artesania.conselldeivissa.es\/es\/agenda\/feria-de-artesanos-productores-de-la-plaza-del-parque\/2022-09-09\/","rest_url":"https:\/\/artesania.conselldeivissa.es\/es\/wp-json\/tribe\/events\/v1\/events\/7701","title":"Feria de Artesanos Productores de la Plaza del Parque","description":"<p>La popular Plaza del Parque se encuentra en el coraz\u00f3n de la ciudad de Ibiza y junto al paseo de Vara de Rey conforma un conjunto peatonal muy concurrido. En ella se encuentra la \u00faltima incorporaci\u00f3n a la oferta artesanal: la Feria de Artesanos Productores de la Plaza del Parque. Ofrece joyas, cer\u00e1mica, bisuter\u00eda, trabajos en cuero y regalos inspirados en la esencia y las ra\u00edces tradicionales de la isla, piezas artesanales realizadas por diez artistas locales. Est\u00e1 abierto de lunes a viernes de 19.00 a 00.30 horas durante el verano y tambi\u00e9n en \u00e9pocas especiales como Navidad y Semana Santa.<\/p>","excerpt":"","slug":"feria-de-artesanos-productores-de-la-plaza-del-parque-2022-09-09","image":{"url":"https:\/\/artesania.conselldeivissa.es\/wp-content\/uploads\/2022\/08\/artesanos_plaza_parque.jpg","id":3047,"extension":"jpg","width":1000,"height":641,"filesize":283355,"sizes":{"medium":{"width":300,"height":192,"mime-type":"image\/jpeg","filesize":21041,"url":"https:\/\/artesania.conselldeivissa.es\/wp-content\/uploads\/2022\/08\/artesanos_plaza_parque-300x192.jpg"},"thumbnail":{"width":150,"height":150,"mime-type":"image\/jpeg","filesize":11628,"url":"https:\/\/artesania.conselldeivissa.es\/wp-content\/uploads\/2022\/08\/artesanos_plaza_parque-150x150.jpg"},"medium_large":{"width":768,"height":492,"mime-type":"image\/jpeg","filesize":94728,"url":"https:\/\/artesania.conselldeivissa.es\/wp-content\/uploads\/2022\/08\/artesanos_plaza_parque-768x492.jpg"},"laurits_core_image_size_square":{"width":650,"height":641,"mime-type":"image\/jpeg","filesize":126575,"url":"https:\/\/artesania.conselldeivissa.es\/wp-content\/uploads\/2022\/08\/artesanos_plaza_parque-650x641.jpg"},"laurits_core_image_size_portrait":{"width":650,"height":641,"mime-type":"image\/jpeg","filesize":126575,"url":"https:\/\/artesania.conselldeivissa.es\/wp-content\/uploads\/2022\/08\/artesanos_plaza_parque-650x641.jpg"}}},"all_day":false,"start_date":"2022-09-09 19:00:00","start_date_details":{"year":"2022","month":"09","day":"09","hour":"19","minutes":"00","seconds":"00"},"end_date":"2022-09-09 19:00:00","end_date_details":{"year":"2022","month":"09","day":"09","hour":"19","minutes":"00","seconds":"00"},"utc_start_date":"2022-09-09 17:00:00","utc_start_date_details":{"year":"2022","month":"09","day":"09","hour":"17","minutes":"00","seconds":"00"},"utc_end_date":"2022-09-09 17:00:00","utc_end_date_details":{"year":"2022","month":"09","day":"09","hour":"17","minutes":"00","seconds":"00"},"timezone":"Europe\/Madrid","timezone_abbr":"","cost":"","cost_details":{"currency_symbol":"","currency_position":"suffix","values":[]},"website":"","show_map":true,"show_map_link":true,"hide_from_listings":false,"sticky":false,"featured":false,"categories":[{"name":"Mercados artesanales","slug":"mercados-artesanales","term_group":0,"term_taxonomy_id":30,"taxonomy":"tribe_events_cat","description":"","parent":0,"count":409,"filter":"raw","id":30,"urls":{"self":"https:\/\/artesania.conselldeivissa.es\/es\/wp-json\/tribe\/events\/v1\/categories\/30","collection":"https:\/\/artesania.conselldeivissa.es\/es\/wp-json\/tribe\/events\/v1\/categories"}}],"tags":[],"venue":[],"organizer":[],"json_ld":{"@context":"http:\/\/schema.org","@type":"Event","name":"Feria de Artesanos Productores de la Plaza del Parque","description":"&lt;p&gt;La popular Plaza del Parque se encuentra en el coraz\u00f3n de la ciudad de Ibiza y junto al paseo de Vara de Rey conforma un conjunto peatonal muy concurrido. En [&hellip;]&lt;\/p&gt;\\n","image":"https:\/\/artesania.conselldeivissa.es\/wp-content\/uploads\/2022\/08\/artesanos_plaza_parque.jpg","url":"https:\/\/artesania.conselldeivissa.es\/es\/agenda\/feria-de-artesanos-productores-de-la-plaza-del-parque\/2022-09-09\/","eventAttendanceMode":"https:\/\/schema.org\/OfflineEventAttendanceMode","startDate":"2022-09-09T19:00:00+02:00","endDate":"2022-09-09T19:00:00+02:00","performer":"Organization"}}