{"id":7361,"global_id":"artesania.conselldeivissa.es\/es\/?id=7361","global_id_lineage":["artesania.conselldeivissa.es\/es\/?id=7361"],"author":"1","status":"publish","date":"2022-08-25 12:25:20","date_utc":"2022-08-25 10:25:20","modified":"2022-08-25 12:27:02","modified_utc":"2022-08-25 10:27:02","url":"https:\/\/artesania.conselldeivissa.es\/es\/agenda\/mercado-de-cala-llenya\/2022-12-04\/","rest_url":"https:\/\/artesania.conselldeivissa.es\/es\/wp-json\/tribe\/events\/v1\/events\/7361","title":"Mercado de Cala Llenya","description":"<p>Cala Llenya es una preciosa cala enclavada en el noreste de la isla, en el municipio de Santa Eul\u00e0ria. Bajo las palmeras, cerca de la misma playa, el mercado artesanal y espacio creativo de Cala Llenya ofrece una muestra m\u00e1s que interesante del esp\u00edritu bohemio de la artesan\u00eda m\u00e1s genuina. Desde sus inicios como rastrillo de objetos de segunda mano, el mercadillo ha evolucionado para transformarse en un espacio artesanal que muestra sus creaciones al p\u00fablico todos los domingos del a\u00f1o de 10 a 14.30h<\/p>","excerpt":"","slug":"mercado-de-cala-llenya-2022-12-04","image":{"url":"https:\/\/artesania.conselldeivissa.es\/wp-content\/uploads\/2022\/08\/mercado_cala_llenya.jpg","id":4087,"extension":"jpg","width":1000,"height":641,"filesize":598430,"sizes":{"medium":{"width":300,"height":192,"mime-type":"image\/jpeg","filesize":35758,"url":"https:\/\/artesania.conselldeivissa.es\/wp-content\/uploads\/2022\/08\/mercado_cala_llenya-300x192.jpg"},"thumbnail":{"width":150,"height":150,"mime-type":"image\/jpeg","filesize":16493,"url":"https:\/\/artesania.conselldeivissa.es\/wp-content\/uploads\/2022\/08\/mercado_cala_llenya-150x150.jpg"},"medium_large":{"width":768,"height":492,"mime-type":"image\/jpeg","filesize":210237,"url":"https:\/\/artesania.conselldeivissa.es\/wp-content\/uploads\/2022\/08\/mercado_cala_llenya-768x492.jpg"},"laurits_core_image_size_square":{"width":650,"height":641,"mime-type":"image\/jpeg","filesize":278124,"url":"https:\/\/artesania.conselldeivissa.es\/wp-content\/uploads\/2022\/08\/mercado_cala_llenya-650x641.jpg"},"laurits_core_image_size_portrait":{"width":650,"height":641,"mime-type":"image\/jpeg","filesize":278124,"url":"https:\/\/artesania.conselldeivissa.es\/wp-content\/uploads\/2022\/08\/mercado_cala_llenya-650x641.jpg"}}},"all_day":false,"start_date":"2022-12-04 10:00:00","start_date_details":{"year":"2022","month":"12","day":"04","hour":"10","minutes":"00","seconds":"00"},"end_date":"2022-12-04 10:00:00","end_date_details":{"year":"2022","month":"12","day":"04","hour":"10","minutes":"00","seconds":"00"},"utc_start_date":"2022-12-04 09:00:00","utc_start_date_details":{"year":"2022","month":"12","day":"04","hour":"09","minutes":"00","seconds":"00"},"utc_end_date":"2022-12-04 09:00:00","utc_end_date_details":{"year":"2022","month":"12","day":"04","hour":"09","minutes":"00","seconds":"00"},"timezone":"Europe\/Madrid","timezone_abbr":"","cost":"","cost_details":{"currency_symbol":"","currency_position":"suffix","values":[]},"website":"","show_map":true,"show_map_link":true,"hide_from_listings":false,"sticky":false,"featured":false,"categories":[{"name":"Mercados hippies","slug":"mercados-hippies","term_group":0,"term_taxonomy_id":84,"taxonomy":"tribe_events_cat","description":"","parent":0,"count":1412,"filter":"raw","id":84,"urls":{"self":"https:\/\/artesania.conselldeivissa.es\/es\/wp-json\/tribe\/events\/v1\/categories\/84","collection":"https:\/\/artesania.conselldeivissa.es\/es\/wp-json\/tribe\/events\/v1\/categories"}}],"tags":[],"venue":{"id":4090,"author":"1","status":"publish","date":"2022-08-22 14:22:35","date_utc":"2022-08-22 12:22:35","modified":"2022-08-22 14:22:35","modified_utc":"2022-08-22 12:22:35","url":"https:\/\/artesania.conselldeivissa.es\/es\/venue\/cala-llenya\/","venue":"Cala Llenya","slug":"cala-llenya","address":"Cala Llenya","city":"Santa Eul\u00e0ria des Riu","country":"Espa\u00f1a","province":"Balearic Islands","zip":"07850","stateprovince":"Balearic Islands","json_ld":{"@type":"Place","name":"Cala Llenya","description":"","url":"https:\/\/artesania.conselldeivissa.es\/es\/venue\/cala-llenya\/","address":{"@type":"PostalAddress","streetAddress":"Cala Llenya","addressLocality":"Santa Eul\u00e0ria des Riu","addressRegion":"Balearic Islands","postalCode":"07850","addressCountry":"Espa\u00f1a"},"telephone":"","sameAs":""},"show_map":true,"show_map_link":true,"global_id":"artesania.conselldeivissa.es\/es\/?id=4090","global_id_lineage":["artesania.conselldeivissa.es\/es\/?id=4090"]},"organizer":[],"json_ld":{"@context":"http:\/\/schema.org","@type":"Event","name":"Mercado de Cala Llenya","description":"&lt;p&gt;Cala Llenya es una preciosa cala enclavada en el noreste de la isla, en el municipio de Santa Eul\u00e0ria. Bajo las palmeras, cerca de la misma playa, el mercado artesanal [&hellip;]&lt;\/p&gt;\\n","image":"https:\/\/artesania.conselldeivissa.es\/wp-content\/uploads\/2022\/08\/mercado_cala_llenya.jpg","url":"https:\/\/artesania.conselldeivissa.es\/es\/agenda\/mercado-de-cala-llenya\/2022-12-04\/","eventAttendanceMode":"https:\/\/schema.org\/OfflineEventAttendanceMode","startDate":"2022-12-04T10:00:00+01:00","endDate":"2022-12-04T10:00:00+01:00","location":{"@type":"Place","name":"Cala Llenya","description":"","url":"https:\/\/artesania.conselldeivissa.es\/es\/venue\/cala-llenya\/","address":{"@type":"PostalAddress","streetAddress":"Cala Llenya","addressLocality":"Santa Eul\u00e0ria des Riu","addressRegion":"Balearic Islands","postalCode":"07850","addressCountry":"Espa\u00f1a"},"telephone":"","sameAs":""},"performer":"Organization"}}